{"id":158715,"date":"2020-03-18T11:25:01","date_gmt":"2020-03-18T14:25:01","guid":{"rendered":"http:\/\/www.caririemacao.com\/1\/?p=158715"},"modified":"2020-03-18T11:25:03","modified_gmt":"2020-03-18T14:25:03","slug":"em-acao-rapida-policia-militar-recupera-caminhao-bau-tomado-por-assalto-no-cariri","status":"publish","type":"post","link":"https:\/\/www.caririemacao.com\/1\/2020\/03\/18\/em-acao-rapida-policia-militar-recupera-caminhao-bau-tomado-por-assalto-no-cariri\/","title":{"rendered":"Em a\u00e7\u00e3o r\u00e1pida, Pol\u00edcia Militar recupera caminh\u00e3o ba\u00fa tomado por assalto no Cariri"},"content":{"rendered":"\n<p>Por volta das 17h00min desta ter\u00e7a-feira (17), assaltantes interceptaram um ve\u00edculo Ba\u00fa Mercedes-Benz na PB 215, nas proximidades da entrada do Distrito de Pindur\u00e3o no Congo. Os criminosos em seguida levaram o caminh\u00e3o e os motoristas para a estrada que d\u00e1 acesso ao Distrito de Barreiras (Cara\u00fabas), a fim de retirar a carga roubada e colocar em outro ve\u00edculo.<\/p>\n\n\n\n<p>Entretanto, uma a\u00e7\u00e3o r\u00e1pida dos policiais pertencentes ao 11\u00ba Batalh\u00e3o de Pol\u00edcia Militar da Para\u00edba em conjunto com a Pol\u00edcia Militar de Pernambuco e a Guarda Civil de Jata\u00faba, localizaram o ve\u00edculo roubado, por\u00e9m os suspeitos reagiram \u00e0 aproxima\u00e7\u00e3o com disparos e a pol\u00edcia revidou. Ap\u00f3s troca de tiros com a Pol\u00edcia, eles abandonaram o ve\u00edculo e foragiram para a \u00e1rea de vegeta\u00e7\u00e3o fechada.<\/p>\n\n\n\n<p>A pol\u00edcia encaminhou o ve\u00edculo roubado e os outros dois carros usados pelos assaltantes para a Delegacia de Pol\u00edcia de Sum\u00e9, a fim de serem tomadas as medidas cab\u00edveis.<\/p>\n\n\n\n<div class=\"wp-block-image\"><figure class=\"aligncenter\"><img decoding=\"async\" data-src=\"http:\/\/deolhonocariri.com.br\/wp-content\/uploads\/2020\/03\/89945653_226474535400955_2867043850088611840_n.jpg\" alt=\"\" class=\"wp-image-79323 lazyload\" src=\"data:image\/svg+xml;base64,PHN2ZyB3aWR0aD0iMSIgaGVpZ2h0PSIxIiB4bWxucz0iaHR0cDovL3d3dy53My5vcmcvMjAwMC9zdmciPjwvc3ZnPg==\" \/><\/figure><\/div>\n\n\n\n<div class=\"wp-block-image\"><figure class=\"aligncenter\"><img decoding=\"async\" data-src=\"http:\/\/deolhonocariri.com.br\/wp-content\/uploads\/2020\/03\/90085848_499288444289090_8361214977758986240_n.jpg\" alt=\"\" class=\"wp-image-79324 lazyload\" src=\"data:image\/svg+xml;base64,PHN2ZyB3aWR0aD0iMSIgaGVpZ2h0PSIxIiB4bWxucz0iaHR0cDovL3d3dy53My5vcmcvMjAwMC9zdmciPjwvc3ZnPg==\" \/><\/figure><\/div>\n\n\n\n<p><br><strong>VE\u00cdCULO ROUBADO<\/strong><br>\u2013 Caminh\u00e3o Ba\u00fa Mercedes-Benz Accelo 815, cor azul, placas OKB 6591 de Caic\u00f3 \u2013 RN (carga de roupas e material de cama)<\/p>\n\n\n\n<p><strong>VE\u00cdCULOS USADOS PELOS SUSPEITOS<\/strong><br>\u2013 Ford F-4000 G, cor: Prata, placas: OFA-2560 de Campina Grande \u2013 PB<br>\u2013 Fiat Uno 1.0 Way, cor: Bege, placas NNR 9685 de Natal \u2013 RN<\/p>\n\n\n\n<p>As buscas pelos suspeitos na mata continuaram durante a madrugada.<\/p>\n\n\n\n<p><strong>De Olho no Cariri<\/strong><\/p>\n","protected":false},"excerpt":{"rendered":"<p>Por volta das 17h00min desta ter\u00e7a-feira (17), assaltantes interceptaram um ve\u00edculo Ba\u00fa Mercedes-Benz na PB 215, nas proximidades da entrada do Distrito de Pindur\u00e3o no&hellip; <\/p>\n","protected":false},"author":2,"featured_media":158716,"comment_status":"closed","ping_status":"closed","sticky":false,"template":"","format":"standard","meta":{"sfsi_plus_gutenberg_text_before_share":"","sfsi_plus_gutenberg_show_text_before_share":"","sfsi_plus_gutenberg_icon_type":"","sfsi_plus_gutenberg_icon_alignemt":"","sfsi_plus_gutenburg_max_per_row":"","footnotes":""},"categories":[12],"tags":[],"class_list":["post-158715","post","type-post","status-publish","format-standard","has-post-thumbnail","hentry","category-policia"],"_links":{"self":[{"href":"https:\/\/www.caririemacao.com\/1\/wp-json\/wp\/v2\/posts\/158715","targetHints":{"allow":["GET"]}}],"collection":[{"href":"https:\/\/www.caririemacao.com\/1\/wp-json\/wp\/v2\/posts"}],"about":[{"href":"https:\/\/www.caririemacao.com\/1\/wp-json\/wp\/v2\/types\/post"}],"author":[{"embeddable":true,"href":"https:\/\/www.caririemacao.com\/1\/wp-json\/wp\/v2\/users\/2"}],"replies":[{"embeddable":true,"href":"https:\/\/www.caririemacao.com\/1\/wp-json\/wp\/v2\/comments?post=158715"}],"version-history":[{"count":1,"href":"https:\/\/www.caririemacao.com\/1\/wp-json\/wp\/v2\/posts\/158715\/revisions"}],"predecessor-version":[{"id":158717,"href":"https:\/\/www.caririemacao.com\/1\/wp-json\/wp\/v2\/posts\/158715\/revisions\/158717"}],"wp:featuredmedia":[{"embeddable":true,"href":"https:\/\/www.caririemacao.com\/1\/wp-json\/wp\/v2\/media\/158716"}],"wp:attachment":[{"href":"https:\/\/www.caririemacao.com\/1\/wp-json\/wp\/v2\/media?parent=158715"}],"wp:term":[{"taxonomy":"category","embeddable":true,"href":"https:\/\/www.caririemacao.com\/1\/wp-json\/wp\/v2\/categories?post=158715"},{"taxonomy":"post_tag","embeddable":true,"href":"https:\/\/www.caririemacao.com\/1\/wp-json\/wp\/v2\/tags?post=158715"}],"curies":[{"name":"wp","href":"https:\/\/api.w.org\/{rel}","templated":true}]}}