{"id":158720,"date":"2020-03-18T12:13:24","date_gmt":"2020-03-18T15:13:24","guid":{"rendered":"http:\/\/www.caririemacao.com\/1\/?p=158720"},"modified":"2020-03-18T12:13:26","modified_gmt":"2020-03-18T15:13:26","slug":"secretaria-de-saude-informa-sobre-mudancas-nos-servicos-de-saude-basica-de-monteiro","status":"publish","type":"post","link":"https:\/\/www.caririemacao.com\/1\/2020\/03\/18\/secretaria-de-saude-informa-sobre-mudancas-nos-servicos-de-saude-basica-de-monteiro\/","title":{"rendered":"Secretaria de sa\u00fade informa sobre mudan\u00e7as nos servi\u00e7os de sa\u00fade b\u00e1sica de Monteiro"},"content":{"rendered":"\n<p>Por causa do medo da prolifera\u00e7\u00e3o do coronav\u00edrus, a Secretaria de Sa\u00fade de Monteiro juntamente com todos os \u00f3rg\u00e3os e Unidades B\u00e1sicas e de Especialidades come\u00e7aram a adotar medidas preventivas contra a dissemina\u00e7\u00e3o de gripes e tamb\u00e9m visando o isolamento da cidade contra o Covid-19.<\/p>\n\n\n\n<p>Nesta semana toda a \u00e1rea de sa\u00fade e de educa\u00e7\u00e3o receberam e ainda est\u00e3o recebendo visitas das equipes para alertar a popula\u00e7\u00e3o sobre os cuidados necess\u00e1rios para evitar a propaga\u00e7\u00e3o da doen\u00e7a.<\/p>\n\n\n\n<p>Na \u00e1rea hospitalar, a Secretaria Municipal de Sa\u00fade j\u00e1 est\u00e1 tomando provid\u00eancias para que o Hospital Regional Santa Filomena esteja preparada para receber pacientes com s\u00edndromes respirat\u00f3rias. Os funcion\u00e1rios est\u00e3o aconselhando que os pacientes s\u00f3 procurem a unidade em caso de emerg\u00eancia evitando assim aglomera\u00e7\u00f5es na recep\u00e7\u00e3o, corredores e quartos.<\/p>\n\n\n\n<p>Est\u00e3o preparados 14 leitos com respiradores para atender pacientes que se enquadrem nos par\u00e2metros de risco e necessitem de interna\u00e7\u00e3o. Ainda est\u00e3o suspensas as cirurgias eletivas e procedimentos ambulatoriais.<\/p>\n\n\n\n<p>Na &nbsp;Rede de Aten\u00e7\u00e3o B\u00e1sica, a exemplo dos atendimentos odontol\u00f3gicos, s\u00f3 estar\u00e3o dispon\u00edveis para urg\u00eancias. Nas UBS\u2019s est\u00e3o suspensos os servi\u00e7os de puericultura ainda n\u00e3o agendados, atendendo prioritariamente as demandas espont\u00e2neas de pessoas com doen\u00e7as respirat\u00f3rias que apresentem tosse, febre e cansa\u00e7o, evitando assim aglomera\u00e7\u00f5es.<\/p>\n\n\n\n<p>Ao chegar a unidade de atendimento o paciente com suspeita da doen\u00e7a deve informar assim que chegar ao local. J\u00e1 no primeiro atendimento, ele receber\u00e1 uma m\u00e1scara e responder\u00e1 perguntas sobre seus sintomas e seu hist\u00f3rico de viagens. Caso necess\u00e1rio, ser\u00e1 levado a um quarto de isolamento.<\/p>\n\n\n\n<p>A secret\u00e1ria de Sa\u00fade, Paula Oliveira, ainda informa que os servi\u00e7os das Academias de Sa\u00fade est\u00e3o suspensas e haver\u00e1 redu\u00e7\u00e3o no n\u00famero de atendimentos no Centro de Especialidades M\u00e9dicas que receber\u00e1 um especialista por dia e os pacientes devem obedecer rigorosamente o hor\u00e1rio agendado para que n\u00e3o haja aglomera\u00e7\u00f5es em suas tr\u00eas recep\u00e7\u00f5es.<\/p>\n\n\n\n<p>No tocante a imuniza\u00e7\u00e3o com a vacina da Gripe\/H1N1, a secret\u00e1ria informa que ser\u00e3o feitas em domic\u00edlio para o m\u00e1ximo de pessoas poss\u00edveis, tamb\u00e9m a fim de evitar o cont\u00e1gio da doen\u00e7a, principalmente para os grupos priorit\u00e1rios. \u201c\u00c9 muito importante que seja feita a imuniza\u00e7\u00e3o, que n\u00e3o \u00e9 espec\u00edfica para o Covid-19, mas que fortalece a imunidade do paciente dificultando assim o cont\u00e1gio e propaga\u00e7\u00e3o da doen\u00e7a\u201d, informou Paula Oliveira.<\/p>\n\n\n\n<p><strong>Quando deve-se procurar um m\u00e9dico?<br><\/strong>N\u00e3o \u00e9 necess\u00e1rio correr para o posto de sa\u00fade ao primeiro sinal de uma gripe.&nbsp;A orienta\u00e7\u00e3o \u00e9 ir \u00e0s unidades de sa\u00fade, caso se enquadre em uma das tr\u00eas situa\u00e7\u00f5es:<\/p>\n\n\n\n<p><\/p>\n\n\n\n<ul class=\"wp-block-list\"><li>Presen\u00e7a de febre e um ou mais sinais respirat\u00f3rios, como tosse e dificuldade de respirar, al\u00e9m de viagem para as \u00e1reas de transmiss\u00e3o local.<\/li><li>Presen\u00e7a de febre e um ou mais sinais respirat\u00f3rios, al\u00e9m de contato com pessoa que seja considerada caso suspeito ou esteja em isolamento domiciliar.<\/li><li>Presen\u00e7a de sintomas respirat\u00f3rios, com aus\u00eancia de febre, associados a viagem ao exterior ou contato com caso confirmado.<\/li><\/ul>\n\n\n\n<p><strong>Quais os cuidados para se prevenir contra o coronav\u00edrus?<\/strong><br><\/p>\n\n\n\n<ul class=\"wp-block-list\"><li>Se tossir ou espirrar, cobrir a boca com cotovelo flexionado.<\/li><li>Utilizar len\u00e7o descart\u00e1vel para higiene nasal.<\/li><li>Descartar e lavar as m\u00e3os com \u00e1gua e sab\u00e3o ou \u00e1lcool.<\/li><li>Evitar tocar mucosas, como olhos, nariz, boca.<\/li><li>Manter afastamento de um metro entre as pessoas.<\/li><li>Evitar abra\u00e7os e beijos.<\/li><li>Estar em ambientes ventilados.<\/li><\/ul>\n\n\n\n<p>Para a popula\u00e7\u00e3o que tenha qualquer d\u00favida a cerca dos sintomas do Covid-19, est\u00e3o dispon\u00edveis os n\u00fameros: 136 (Disque Sa\u00fade) e 83.99146-9790 (Plant\u00e3o tira-d\u00favidas 24h).<\/p>\n\n\n\n<p>Do(a)\u00a0Secom &#8211; PMM\u00a0<\/p>\n","protected":false},"excerpt":{"rendered":"<p>Por causa do medo da prolifera\u00e7\u00e3o do coronav\u00edrus, a Secretaria de Sa\u00fade de Monteiro juntamente com todos os \u00f3rg\u00e3os e Unidades B\u00e1sicas e de Especialidades&hellip; <\/p>\n","protected":false},"author":1,"featured_media":149598,"comment_status":"closed","ping_status":"closed","sticky":false,"template":"","format":"standard","meta":{"sfsi_plus_gutenberg_text_before_share":"","sfsi_plus_gutenberg_show_text_before_share":"","sfsi_plus_gutenberg_icon_type":"","sfsi_plus_gutenberg_icon_alignemt":"","sfsi_plus_gutenburg_max_per_row":"","footnotes":""},"categories":[6,50],"tags":[],"class_list":["post-158720","post","type-post","status-publish","format-standard","has-post-thumbnail","hentry","category-cidades","category-destaque"],"_links":{"self":[{"href":"https:\/\/www.caririemacao.com\/1\/wp-json\/wp\/v2\/posts\/158720","targetHints":{"allow":["GET"]}}],"collection":[{"href":"https:\/\/www.caririemacao.com\/1\/wp-json\/wp\/v2\/posts"}],"about":[{"href":"https:\/\/www.caririemacao.com\/1\/wp-json\/wp\/v2\/types\/post"}],"author":[{"embeddable":true,"href":"https:\/\/www.caririemacao.com\/1\/wp-json\/wp\/v2\/users\/1"}],"replies":[{"embeddable":true,"href":"https:\/\/www.caririemacao.com\/1\/wp-json\/wp\/v2\/comments?post=158720"}],"version-history":[{"count":1,"href":"https:\/\/www.caririemacao.com\/1\/wp-json\/wp\/v2\/posts\/158720\/revisions"}],"predecessor-version":[{"id":158721,"href":"https:\/\/www.caririemacao.com\/1\/wp-json\/wp\/v2\/posts\/158720\/revisions\/158721"}],"wp:featuredmedia":[{"embeddable":true,"href":"https:\/\/www.caririemacao.com\/1\/wp-json\/wp\/v2\/media\/149598"}],"wp:attachment":[{"href":"https:\/\/www.caririemacao.com\/1\/wp-json\/wp\/v2\/media?parent=158720"}],"wp:term":[{"taxonomy":"category","embeddable":true,"href":"https:\/\/www.caririemacao.com\/1\/wp-json\/wp\/v2\/categories?post=158720"},{"taxonomy":"post_tag","embeddable":true,"href":"https:\/\/www.caririemacao.com\/1\/wp-json\/wp\/v2\/tags?post=158720"}],"curies":[{"name":"wp","href":"https:\/\/api.w.org\/{rel}","templated":true}]}}