{"id":158722,"date":"2020-03-18T12:49:07","date_gmt":"2020-03-18T15:49:07","guid":{"rendered":"http:\/\/www.caririemacao.com\/1\/?p=158722"},"modified":"2020-03-18T13:11:27","modified_gmt":"2020-03-18T16:11:27","slug":"sume-promotoria-de-justica-adota-medidas-de-prevencao-contra-o-coronavirus","status":"publish","type":"post","link":"https:\/\/www.caririemacao.com\/1\/2020\/03\/18\/sume-promotoria-de-justica-adota-medidas-de-prevencao-contra-o-coronavirus\/","title":{"rendered":"Sum\u00e9: Promotoria de Justi\u00e7a adota medidas de preven\u00e7\u00e3o contra o coronav\u00edrus"},"content":{"rendered":"\n<p>A Promotoria de Justi\u00e7a Cumulativa de Sum\u00e9, por meio do Promotor de Justi\u00e7a Dr. Bruno Leonardo Lins, divulga ATO NORMATIVO CONJUNTO N\u00b0 001\/2020TJPB\/MPPB\/DPEPB\/OAB-PB, que disp\u00f5e sobre as medidas TEMPOR\u00c1RIAS DE PREVEN\u00c7\u00c3O AO CONT\u00c1GIO PELO NOVO CORONAV\u00cdRUS (COVID-19),<\/p>\n\n\n\n<p>De acordo com o ato normativo, ficam temporariamente suspensos a visita\u00e7\u00e3o p\u00fablica e o atendimento presencial ao p\u00fablico externo, que poder\u00e1 ser prestado por meio eletr\u00f4nico ou telef\u00f4nico. <\/p>\n\n\n\n<p>TELEFONE FIXO: (83) 3353-2667<\/p>\n\n\n\n<p>WHATSAPP: (83) 99159-1570 <\/p>\n\n\n\n<p>E-MAIL: promotoria.sume@mppb.mp.br<\/p>\n","protected":false},"excerpt":{"rendered":"<p>A Promotoria de Justi\u00e7a Cumulativa de Sum\u00e9, por meio do Promotor de Justi\u00e7a Dr. Bruno Leonardo Lins, divulga ATO NORMATIVO CONJUNTO N\u00b0 001\/2020TJPB\/MPPB\/DPEPB\/OAB-PB, que disp\u00f5e&hellip; <\/p>\n","protected":false},"author":1,"featured_media":138858,"comment_status":"closed","ping_status":"closed","sticky":false,"template":"","format":"standard","meta":{"sfsi_plus_gutenberg_text_before_share":"","sfsi_plus_gutenberg_show_text_before_share":"","sfsi_plus_gutenberg_icon_type":"","sfsi_plus_gutenberg_icon_alignemt":"","sfsi_plus_gutenburg_max_per_row":"","footnotes":""},"categories":[6,50],"tags":[],"class_list":["post-158722","post","type-post","status-publish","format-standard","has-post-thumbnail","hentry","category-cidades","category-destaque"],"_links":{"self":[{"href":"https:\/\/www.caririemacao.com\/1\/wp-json\/wp\/v2\/posts\/158722","targetHints":{"allow":["GET"]}}],"collection":[{"href":"https:\/\/www.caririemacao.com\/1\/wp-json\/wp\/v2\/posts"}],"about":[{"href":"https:\/\/www.caririemacao.com\/1\/wp-json\/wp\/v2\/types\/post"}],"author":[{"embeddable":true,"href":"https:\/\/www.caririemacao.com\/1\/wp-json\/wp\/v2\/users\/1"}],"replies":[{"embeddable":true,"href":"https:\/\/www.caririemacao.com\/1\/wp-json\/wp\/v2\/comments?post=158722"}],"version-history":[{"count":2,"href":"https:\/\/www.caririemacao.com\/1\/wp-json\/wp\/v2\/posts\/158722\/revisions"}],"predecessor-version":[{"id":158734,"href":"https:\/\/www.caririemacao.com\/1\/wp-json\/wp\/v2\/posts\/158722\/revisions\/158734"}],"wp:featuredmedia":[{"embeddable":true,"href":"https:\/\/www.caririemacao.com\/1\/wp-json\/wp\/v2\/media\/138858"}],"wp:attachment":[{"href":"https:\/\/www.caririemacao.com\/1\/wp-json\/wp\/v2\/media?parent=158722"}],"wp:term":[{"taxonomy":"category","embeddable":true,"href":"https:\/\/www.caririemacao.com\/1\/wp-json\/wp\/v2\/categories?post=158722"},{"taxonomy":"post_tag","embeddable":true,"href":"https:\/\/www.caririemacao.com\/1\/wp-json\/wp\/v2\/tags?post=158722"}],"curies":[{"name":"wp","href":"https:\/\/api.w.org\/{rel}","templated":true}]}}