{"id":158727,"date":"2020-03-18T13:06:54","date_gmt":"2020-03-18T16:06:54","guid":{"rendered":"http:\/\/www.caririemacao.com\/1\/?p=158727"},"modified":"2020-03-18T13:06:56","modified_gmt":"2020-03-18T16:06:56","slug":"mec-autoriza-aulas-que-utilizem-tecnologias-de-informacao","status":"publish","type":"post","link":"https:\/\/www.caririemacao.com\/1\/2020\/03\/18\/mec-autoriza-aulas-que-utilizem-tecnologias-de-informacao\/","title":{"rendered":"MEC autoriza aulas que utilizem tecnologias de informa\u00e7\u00e3o"},"content":{"rendered":"\n<p>O Minist\u00e9rio da Educa\u00e7\u00e3o (MEC) autorizou a substitui\u00e7\u00e3o de aulas presenciais em universidades por aulas que utilizem meios e tecnologias de informa\u00e7\u00e3o e comunica\u00e7\u00e3o. A inten\u00e7\u00e3o \u00e9 n\u00e3o prejudicar cursos em andamento em decorr\u00eancia da pandemia do novo coronav\u00edrus (Covid-19). A medida vale, inicialmente, por 30 dias, podendo ser prorrog\u00e1vel, dependendo das orienta\u00e7\u00f5es do Minist\u00e9rio da Sa\u00fade e dos \u00f3rg\u00e3os de sa\u00fade estaduais, municipais e distrital.<\/p>\n\n\n\n<p>A&nbsp;<a href=\"http:\/\/www.in.gov.br\/en\/web\/dou\/-\/portaria-n-343-de-17-de-marco-de-2020-248564376\" target=\"_blank\" rel=\"noreferrer noopener\">portaria com as orienta\u00e7\u00f5es<\/a>&nbsp;foi publicada&nbsp;hoje&nbsp;(18) no Di\u00e1rio Oficial da Uni\u00e3o.&nbsp;As regras valem para as institui\u00e7\u00e3o de educa\u00e7\u00e3o superior integrantes do sistema federal de ensino.&nbsp;<\/p>\n\n\n\n<p>O sistema federal \u00e9 composto pelas universidades federais, pelos institutos federais, pelo Col\u00e9gio Pedro II, pelo Instituto Nacional de Educa\u00e7\u00e3o de Surdos (Ines), Instituto Benjamin Constant (IBC) e pelas universidades e faculdades privadas.<\/p>\n\n\n\n<p>De acordo com a portaria, as regras n\u00e3o valem para cursos de medicina e pr\u00e1ticas profissionais de est\u00e1gios e de laborat\u00f3rio dos demais cursos, que seguem com as aulas presenciais.<\/p>\n\n\n\n<p>As institui\u00e7\u00f5es de ensino superior que optarem pela substitui\u00e7\u00e3o de aulas&nbsp;ter\u00e3o 15 dias para comunicar o MEC. Caber\u00e1 a elas definir quais disciplinas ser\u00e3o ofertadas nessa modalidade. Al\u00e9m disso, dever\u00e3o disponibilizar ferramentas aos alunos que permitam que eles acompanhem os conte\u00fados ofertados. Dever\u00e3o ainda definir as avalia\u00e7\u00f5es que ser\u00e3o feitas durante esse per\u00edodo de aulas remotas.&nbsp;<\/p>\n\n\n\n<p>A portaria esclarece que as institui\u00e7\u00f5es n\u00e3o ser\u00e3o obrigadas a ofertar aulas remotas&nbsp;e poder\u00e3o optar por suspender as atividades acad\u00eamicas presenciais. Caso isso seja feito, as aulas dever\u00e3o ser integralmente repostas posteriormente. Outra possibilidade \u00e9 alterar o calend\u00e1rio de f\u00e9rias.&nbsp;<\/p>\n\n\n\n<p>Segundo o MEC, o objetivo \u00e9 manter a rotina de estudos dos alunos. A pasta diz ainda que&nbsp;disponibilizar\u00e1 salas virtuais para institutos e universidades federais.<\/p>\n","protected":false},"excerpt":{"rendered":"<p>O Minist\u00e9rio da Educa\u00e7\u00e3o (MEC) autorizou a substitui\u00e7\u00e3o de aulas presenciais em universidades por aulas que utilizem meios e tecnologias de informa\u00e7\u00e3o e comunica\u00e7\u00e3o. A&hellip; <\/p>\n","protected":false},"author":2,"featured_media":136179,"comment_status":"closed","ping_status":"closed","sticky":false,"template":"","format":"standard","meta":{"sfsi_plus_gutenberg_text_before_share":"","sfsi_plus_gutenberg_show_text_before_share":"","sfsi_plus_gutenberg_icon_type":"","sfsi_plus_gutenberg_icon_alignemt":"","sfsi_plus_gutenburg_max_per_row":"","footnotes":""},"categories":[50,14],"tags":[],"class_list":["post-158727","post","type-post","status-publish","format-standard","has-post-thumbnail","hentry","category-destaque","category-educacao"],"_links":{"self":[{"href":"https:\/\/www.caririemacao.com\/1\/wp-json\/wp\/v2\/posts\/158727","targetHints":{"allow":["GET"]}}],"collection":[{"href":"https:\/\/www.caririemacao.com\/1\/wp-json\/wp\/v2\/posts"}],"about":[{"href":"https:\/\/www.caririemacao.com\/1\/wp-json\/wp\/v2\/types\/post"}],"author":[{"embeddable":true,"href":"https:\/\/www.caririemacao.com\/1\/wp-json\/wp\/v2\/users\/2"}],"replies":[{"embeddable":true,"href":"https:\/\/www.caririemacao.com\/1\/wp-json\/wp\/v2\/comments?post=158727"}],"version-history":[{"count":1,"href":"https:\/\/www.caririemacao.com\/1\/wp-json\/wp\/v2\/posts\/158727\/revisions"}],"predecessor-version":[{"id":158728,"href":"https:\/\/www.caririemacao.com\/1\/wp-json\/wp\/v2\/posts\/158727\/revisions\/158728"}],"wp:featuredmedia":[{"embeddable":true,"href":"https:\/\/www.caririemacao.com\/1\/wp-json\/wp\/v2\/media\/136179"}],"wp:attachment":[{"href":"https:\/\/www.caririemacao.com\/1\/wp-json\/wp\/v2\/media?parent=158727"}],"wp:term":[{"taxonomy":"category","embeddable":true,"href":"https:\/\/www.caririemacao.com\/1\/wp-json\/wp\/v2\/categories?post=158727"},{"taxonomy":"post_tag","embeddable":true,"href":"https:\/\/www.caririemacao.com\/1\/wp-json\/wp\/v2\/tags?post=158727"}],"curies":[{"name":"wp","href":"https:\/\/api.w.org\/{rel}","templated":true}]}}