{"id":158739,"date":"2020-03-18T13:15:09","date_gmt":"2020-03-18T16:15:09","guid":{"rendered":"http:\/\/www.caririemacao.com\/1\/?p=158739"},"modified":"2020-03-18T13:15:11","modified_gmt":"2020-03-18T16:15:11","slug":"acidente-deixa-vitima-fatal-no-cariri-3","status":"publish","type":"post","link":"https:\/\/www.caririemacao.com\/1\/2020\/03\/18\/acidente-deixa-vitima-fatal-no-cariri-3\/","title":{"rendered":"Acidente deixa v\u00edtima fatal no Cariri"},"content":{"rendered":"\n<p>Por volta das 18h20min do dia 17 de mar\u00e7o, a Pol\u00edcia Militar foi acionada para atender uma ocorr\u00eancia de acidente de tr\u00e2nsito na PB 214, onde um ve\u00edculo perdeu o controle na curva da morte, nas proximidades do S\u00edtio Salinas,  Congo-PB, um dos ocupantes foi arremessado pra fora do ve\u00edculo.<\/p>\n\n\n\n<p>A pol\u00edcia chegou ao local e constatou que o ve\u00edculo perdeu o controle na conhecida curva da morte, vindo a esbarrar numa guia da referida curva, ocasionando o arremesso da v\u00edtima, que vinha em cima da carroceria do referido ve\u00edculo. O SAMU foi acionado e constatou o \u00f3bito da v\u00edtima. <\/p>\n\n\n\n<p><em>V\u00edtima<\/em><br>\nLUIZ ENODIE JANU\u00c1RIO (54 anos de idade)<\/p>\n","protected":false},"excerpt":{"rendered":"<p>Por volta das 18h20min do dia 17 de mar\u00e7o, a Pol\u00edcia Militar foi acionada para atender uma ocorr\u00eancia de acidente de tr\u00e2nsito na PB 214,&hellip; <\/p>\n","protected":false},"author":2,"featured_media":88728,"comment_status":"closed","ping_status":"closed","sticky":false,"template":"","format":"standard","meta":{"sfsi_plus_gutenberg_text_before_share":"","sfsi_plus_gutenberg_show_text_before_share":"","sfsi_plus_gutenberg_icon_type":"","sfsi_plus_gutenberg_icon_alignemt":"","sfsi_plus_gutenburg_max_per_row":"","footnotes":""},"categories":[50,12],"tags":[],"class_list":["post-158739","post","type-post","status-publish","format-standard","has-post-thumbnail","hentry","category-destaque","category-policia"],"_links":{"self":[{"href":"https:\/\/www.caririemacao.com\/1\/wp-json\/wp\/v2\/posts\/158739","targetHints":{"allow":["GET"]}}],"collection":[{"href":"https:\/\/www.caririemacao.com\/1\/wp-json\/wp\/v2\/posts"}],"about":[{"href":"https:\/\/www.caririemacao.com\/1\/wp-json\/wp\/v2\/types\/post"}],"author":[{"embeddable":true,"href":"https:\/\/www.caririemacao.com\/1\/wp-json\/wp\/v2\/users\/2"}],"replies":[{"embeddable":true,"href":"https:\/\/www.caririemacao.com\/1\/wp-json\/wp\/v2\/comments?post=158739"}],"version-history":[{"count":1,"href":"https:\/\/www.caririemacao.com\/1\/wp-json\/wp\/v2\/posts\/158739\/revisions"}],"predecessor-version":[{"id":158742,"href":"https:\/\/www.caririemacao.com\/1\/wp-json\/wp\/v2\/posts\/158739\/revisions\/158742"}],"wp:featuredmedia":[{"embeddable":true,"href":"https:\/\/www.caririemacao.com\/1\/wp-json\/wp\/v2\/media\/88728"}],"wp:attachment":[{"href":"https:\/\/www.caririemacao.com\/1\/wp-json\/wp\/v2\/media?parent=158739"}],"wp:term":[{"taxonomy":"category","embeddable":true,"href":"https:\/\/www.caririemacao.com\/1\/wp-json\/wp\/v2\/categories?post=158739"},{"taxonomy":"post_tag","embeddable":true,"href":"https:\/\/www.caririemacao.com\/1\/wp-json\/wp\/v2\/tags?post=158739"}],"curies":[{"name":"wp","href":"https:\/\/api.w.org\/{rel}","templated":true}]}}