{"id":158744,"date":"2020-03-18T14:15:35","date_gmt":"2020-03-18T17:15:35","guid":{"rendered":"http:\/\/www.caririemacao.com\/1\/?p=158744"},"modified":"2020-03-18T15:01:38","modified_gmt":"2020-03-18T18:01:38","slug":"amparo-secretaria-de-saude-promove-palestras-nas-escolas-contra-o-coronavirus","status":"publish","type":"post","link":"https:\/\/www.caririemacao.com\/1\/2020\/03\/18\/amparo-secretaria-de-saude-promove-palestras-nas-escolas-contra-o-coronavirus\/","title":{"rendered":"Amparo: secretaria de sa\u00fade promove palestras nas escolas contra o coronav\u00edrus"},"content":{"rendered":"\n<p>A Secretaria de Sa\u00fade do munic\u00edpio de Amparo, em mais uma parceria com a secretaria municipal de educa\u00e7\u00e3o, estiveram promovendo um c\u00edrculo de palestras com toda a rede educacional do munic\u00edpio nesta \u00faltima ter\u00e7a-feira (17). <\/p>\n\n\n\n<figure class=\"wp-block-image size-large\"><img fetchpriority=\"high\" decoding=\"async\" width=\"424\" height=\"424\" src=\"http:\/\/www.caririemacao.com\/1\/wp-content\/uploads\/2020\/03\/prefeituramunicipaldeamparopb_20200318_8.jpg\" alt=\"\" class=\"wp-image-158749\" srcset=\"https:\/\/www.caririemacao.com\/1\/wp-content\/uploads\/2020\/03\/prefeituramunicipaldeamparopb_20200318_8.jpg 424w, https:\/\/www.caririemacao.com\/1\/wp-content\/uploads\/2020\/03\/prefeituramunicipaldeamparopb_20200318_8-300x300.jpg 300w, https:\/\/www.caririemacao.com\/1\/wp-content\/uploads\/2020\/03\/prefeituramunicipaldeamparopb_20200318_8-150x150.jpg 150w\" sizes=\"(max-width: 424px) 100vw, 424px\" \/><\/figure>\n\n\n\n<p>Estiveram participando do evento as secret\u00e1rias Veronica Rafael (sa\u00fade) e  Fabiana Feitosa (educa\u00e7\u00e3o), al\u00e9m do m\u00e9dico Vladimir C\u00e2mara Bezerra e todos os profissionais que atuam no Programa Sa\u00fade da Fam\u00edlia. <\/p>\n\n\n\n<figure class=\"wp-block-image size-large\"><img decoding=\"async\" width=\"424\" height=\"424\" data-src=\"http:\/\/www.caririemacao.com\/1\/wp-content\/uploads\/2020\/03\/prefeituramunicipaldeamparopb_20200318_6.jpg\" alt=\"\" class=\"wp-image-158747 lazyload\" data-srcset=\"https:\/\/www.caririemacao.com\/1\/wp-content\/uploads\/2020\/03\/prefeituramunicipaldeamparopb_20200318_6.jpg 424w, https:\/\/www.caririemacao.com\/1\/wp-content\/uploads\/2020\/03\/prefeituramunicipaldeamparopb_20200318_6-300x300.jpg 300w, https:\/\/www.caririemacao.com\/1\/wp-content\/uploads\/2020\/03\/prefeituramunicipaldeamparopb_20200318_6-150x150.jpg 150w\" data-sizes=\"(max-width: 424px) 100vw, 424px\" src=\"data:image\/svg+xml;base64,PHN2ZyB3aWR0aD0iMSIgaGVpZ2h0PSIxIiB4bWxucz0iaHR0cDovL3d3dy53My5vcmcvMjAwMC9zdmciPjwvc3ZnPg==\" style=\"--smush-placeholder-width: 424px; --smush-placeholder-aspect-ratio: 424\/424;\" \/><\/figure>\n\n\n\n<figure class=\"wp-block-image size-large\"><img decoding=\"async\" width=\"480\" height=\"480\" data-src=\"http:\/\/www.caririemacao.com\/1\/wp-content\/uploads\/2020\/03\/prefeituramunicipaldeamparopb_20200318_2.jpg\" alt=\"\" class=\"wp-image-158748 lazyload\" data-srcset=\"https:\/\/www.caririemacao.com\/1\/wp-content\/uploads\/2020\/03\/prefeituramunicipaldeamparopb_20200318_2.jpg 480w, https:\/\/www.caririemacao.com\/1\/wp-content\/uploads\/2020\/03\/prefeituramunicipaldeamparopb_20200318_2-300x300.jpg 300w, https:\/\/www.caririemacao.com\/1\/wp-content\/uploads\/2020\/03\/prefeituramunicipaldeamparopb_20200318_2-150x150.jpg 150w\" data-sizes=\"(max-width: 480px) 100vw, 480px\" src=\"data:image\/svg+xml;base64,PHN2ZyB3aWR0aD0iMSIgaGVpZ2h0PSIxIiB4bWxucz0iaHR0cDovL3d3dy53My5vcmcvMjAwMC9zdmciPjwvc3ZnPg==\" style=\"--smush-placeholder-width: 480px; --smush-placeholder-aspect-ratio: 480\/480;\" \/><\/figure>\n\n\n\n<p><br>&#8220;O momento \u00e9 de alerta, de preven\u00e7\u00e3o,  e que n\u00f3s envolvidos com a gest\u00e3o p\u00fablica de servi\u00e7os prestados \u00e0 nossa popula\u00e7\u00e3o, devemos est\u00e1 cada vez mais conscientes do nosso papel perante a sociedade. \u00c9 preciso trabalharmos de forma harmoniosa para que todos saiam ganhando, essa \u00e9 a t\u00f4nica da nossa gest\u00e3o administrativa sob o comando do prefeito In\u00e1cio N\u00f3brega&#8221;, afirmou a secret\u00e1ria Veronica Rafael. <\/p>\n\n\n\n<p>Para a secret\u00e1ria Fabiana Feitosa, a forma acess\u00edvel das informa\u00e7\u00f5es sobre a Pandemia, s\u00e3o  de grande utilidade p\u00fablica, para que a comunidade n\u00e3o entre em p\u00e2nico, mas que saiba se resguardar e se conscientizar de que a preven\u00e7\u00e3o ainda \u00e9 o melhor caminho para uma sa\u00fade de qualidade.<br> https:\/\/www.instagram.com\/p\/B94aK8YHd1l\/?igshid=1x3sdlddc0bab<\/p>\n","protected":false},"excerpt":{"rendered":"<p>A Secretaria de Sa\u00fade do munic\u00edpio de Amparo, em mais uma parceria com a secretaria municipal de educa\u00e7\u00e3o, estiveram promovendo um c\u00edrculo de palestras com&hellip; <\/p>\n","protected":false},"author":1,"featured_media":158746,"comment_status":"closed","ping_status":"closed","sticky":false,"template":"","format":"standard","meta":{"sfsi_plus_gutenberg_text_before_share":"","sfsi_plus_gutenberg_show_text_before_share":"","sfsi_plus_gutenberg_icon_type":"","sfsi_plus_gutenberg_icon_alignemt":"","sfsi_plus_gutenburg_max_per_row":"","footnotes":""},"categories":[6,50],"tags":[],"class_list":["post-158744","post","type-post","status-publish","format-standard","has-post-thumbnail","hentry","category-cidades","category-destaque"],"_links":{"self":[{"href":"https:\/\/www.caririemacao.com\/1\/wp-json\/wp\/v2\/posts\/158744","targetHints":{"allow":["GET"]}}],"collection":[{"href":"https:\/\/www.caririemacao.com\/1\/wp-json\/wp\/v2\/posts"}],"about":[{"href":"https:\/\/www.caririemacao.com\/1\/wp-json\/wp\/v2\/types\/post"}],"author":[{"embeddable":true,"href":"https:\/\/www.caririemacao.com\/1\/wp-json\/wp\/v2\/users\/1"}],"replies":[{"embeddable":true,"href":"https:\/\/www.caririemacao.com\/1\/wp-json\/wp\/v2\/comments?post=158744"}],"version-history":[{"count":3,"href":"https:\/\/www.caririemacao.com\/1\/wp-json\/wp\/v2\/posts\/158744\/revisions"}],"predecessor-version":[{"id":158751,"href":"https:\/\/www.caririemacao.com\/1\/wp-json\/wp\/v2\/posts\/158744\/revisions\/158751"}],"wp:featuredmedia":[{"embeddable":true,"href":"https:\/\/www.caririemacao.com\/1\/wp-json\/wp\/v2\/media\/158746"}],"wp:attachment":[{"href":"https:\/\/www.caririemacao.com\/1\/wp-json\/wp\/v2\/media?parent=158744"}],"wp:term":[{"taxonomy":"category","embeddable":true,"href":"https:\/\/www.caririemacao.com\/1\/wp-json\/wp\/v2\/categories?post=158744"},{"taxonomy":"post_tag","embeddable":true,"href":"https:\/\/www.caririemacao.com\/1\/wp-json\/wp\/v2\/tags?post=158744"}],"curies":[{"name":"wp","href":"https:\/\/api.w.org\/{rel}","templated":true}]}}