{"id":158758,"date":"2020-03-18T14:40:35","date_gmt":"2020-03-18T17:40:35","guid":{"rendered":"http:\/\/www.caririemacao.com\/1\/?p=158758"},"modified":"2020-03-18T14:40:36","modified_gmt":"2020-03-18T17:40:36","slug":"alem-de-rio-e-sp-minas-e-pernambuco-tambem-registram-transmissao-comunitaria-de-coronavirus","status":"publish","type":"post","link":"https:\/\/www.caririemacao.com\/1\/2020\/03\/18\/alem-de-rio-e-sp-minas-e-pernambuco-tambem-registram-transmissao-comunitaria-de-coronavirus\/","title":{"rendered":"Al\u00e9m de Rio e SP, Minas e Pernambuco tamb\u00e9m registram transmiss\u00e3o comunit\u00e1ria de coronav\u00edrus"},"content":{"rendered":"\n<p>Ap\u00f3s as confirma\u00e7\u00f5es dos governos de Minas Gerais e Pernambuco de seus primeiros casos de&nbsp; transmiss\u00e3o comunit\u00e1ria do corononav\u00edrus, o n\u00famero de estados com esse tipo de cont\u00e1gio subiu para quatro em todo o pa\u00eds. Rio e S\u00e3o Paulo j\u00e1 haviam registrado ocorr\u00eancias.<\/p>\n\n\n\n<p>A transmiss\u00e3o comunit\u00e1ria ocorre quando n\u00e3o \u00e9 mais poss\u00edvel saber a origem da infec\u00e7\u00e3o por ter se alastrado aleatoriamente. \u00c9 diferente da transmiss\u00e3o local, quando se sabe quem passou o v\u00edrus a quem. E as infec\u00e7\u00f5es importadas, as primeiras notificadas no pa\u00eds, ocorrem quando os doentes se contagiaram fora do Brasil.<\/p>\n\n\n\n<p>AO GLOBO, a Secretaria de Sa\u00fade de Minas Gerais afirmou que o primeiro caso no estado de transmiss\u00e3o comunit\u00e1ria foi registrado em Belo Horizonte. Trata-se de um homem de 34 anos.&nbsp; At\u00e9 o momento, foram notificados 794 casos de infec\u00e7\u00e3o humana pelo Covid-19. Destes casos, 88 foram descartados, 692 est\u00e3o em investiga\u00e7\u00e3o como suspeitos e 14 foram confirmados.<\/p>\n\n\n\n<p>A capital mineira \u00e9 a cidade que mais tem casos confirmados: cinco at\u00e9 agora. Nova Lima, Coronel Fabriciano, Divin\u00f3polis, Patroc\u00ednio e Ipatinga t\u00eam um caso cada. Juiz de Fora contabiliza dois. Onze dos 14 registros s\u00e3o de pessoas que viajaram para o exterior.<\/p>\n\n\n\n<p>Em Pernambuco, a secretaria de sa\u00fade do estado confirmou ao GLOBO seu primeiro caso de transmiss\u00e3o comunit\u00e1ria. Trata-se de uma mulher de 63 anos, moradora do Recife.&nbsp; Ela disse que n\u00e3o viajou para lugar nenhum e n\u00e3o teve contato com quem ningu\u00e9m que viajou.<\/p>\n\n\n\n<p>No total, o estado pernambucano j\u00e1 registra 19 casos confirmados, entre eles um em Fernando de Noronha, e outros 250 suspeitos.<\/p>\n\n\n\n<p>Entre as medidas anunciadas pelo Minist\u00e9rio da Sa\u00fade para o combate ao novo coronav\u00edrus no Pa\u00eds, est\u00e1 a libera\u00e7\u00e3o de R$ 425 milh\u00f5es para os estados brasileiros. Deste montante, cerca de R$ 19,3 milh\u00f5es ser\u00e3o destinados para Pernambuco.<\/p>\n\n\n\n<p><strong>Cruzeiro isolado<\/strong><br>As autoridades brasileiras e os representantes das embaixadas tentam definir a situa\u00e7\u00e3o dos passageiros e tripulantes do navio Silver Shadow, que est\u00e1 atracado no Porto do Recife e teve 2 casos confirmados para a Covid-19. O objetivo \u00e9 encontrar uma maneira segura de providenciar o retorno de todos os passageiros e tripulantes do cruzeiro aos seus pa\u00edses de origem para os pr\u00f3ximos dias.<\/p>\n\n\n\n<p>Um canadense, de 78 anos, passageiro do cruzeiro retido no Recife, testou positivo para coronav\u00edrus, como informou o Minist\u00e9rio da Sa\u00fade. O homem foi desembarcado e hospializado com um quadro grave de insufici\u00eancia respirat\u00f3ria aguda. A Secretaria Estadual de Sa\u00fade de Pernambuco tamb\u00e9m confirmou que uma turista irlandesa testou positivo para a Covid-19. Ela e o canadense est\u00e3o internados em um hospital da capital pernambucana em observa\u00e7\u00e3o e sem previs\u00e3o de alta.<\/p>\n\n\n\n<p>No total, s\u00e3o 609 pessoas, de 18 nacionalidades (a maioria \u00e9 dos Estados Unidos e do Rio de Janeiro, sendo sete brasileiras), mantidas em isolamento. Antes de chegar a Pernambuco, o cruzeiro passou por Salvador, B\u00fazios (RJ), Paraty (RJ) e Itaja\u00ed (SC), e al\u00e9m do Brasil, a embarca\u00e7\u00e3o passou por Chile, Argentina e Uruguai. O barco deveria ter seguido para o Cear\u00e1 na \u00faltima sexta-feira, dia 13.<\/p>\n\n\n\n<p>Antes da confirma\u00e7\u00e3o desses novos casos em PE e MG, a \u00faltima atualiza\u00e7\u00e3o do Minist\u00e9rio da Sa\u00fade havia sifo feita na tarde de ter\u00e7a-feira., com 291 casos de coronav\u00edrus no Brasil,&nbsp; um aumento de 57 cont\u00e1gios em rela\u00e7\u00e3o ao \u00faltimo boletim epidemiol\u00f3gico, que indicava 234 infec\u00e7\u00f5es em territ\u00f3rio nacional. Al\u00e9m disso, houve uma morte \u2014 anunciada nesta ter\u00e7a \u2014 no Estado de S\u00e3o Paulo.<\/p>\n\n\n\n<p>Se compilados os dados divulgados pelas secretarias estaduais de Sa\u00fade de todo o pa\u00eds, no entanto, o n\u00famero chega a 314. Nem todos os casos foram contabilizados pelo minist\u00e9rio, uma vez que algumas notifica\u00e7\u00f5es s\u00e3o comunicadas ao governo federal ap\u00f3s o fechamento das estat\u00edsticas di\u00e1rias.<\/p>\n\n\n\n<p>Os locais mais afetados s\u00e3o os estados de S\u00e3o Paulo, com 164 casos, do Rio de Janeiro, com 33, e Distrito Federal, com 21.<\/p>\n","protected":false},"excerpt":{"rendered":"<p>Ap\u00f3s as confirma\u00e7\u00f5es dos governos de Minas Gerais e Pernambuco de seus primeiros casos de&nbsp; transmiss\u00e3o comunit\u00e1ria do corononav\u00edrus, o n\u00famero de estados com esse&hellip; <\/p>\n","protected":false},"author":2,"featured_media":158759,"comment_status":"closed","ping_status":"closed","sticky":false,"template":"","format":"standard","meta":{"sfsi_plus_gutenberg_text_before_share":"","sfsi_plus_gutenberg_show_text_before_share":"","sfsi_plus_gutenberg_icon_type":"","sfsi_plus_gutenberg_icon_alignemt":"","sfsi_plus_gutenburg_max_per_row":"","footnotes":""},"categories":[2],"tags":[],"class_list":["post-158758","post","type-post","status-publish","format-standard","has-post-thumbnail","hentry","category-geral"],"_links":{"self":[{"href":"https:\/\/www.caririemacao.com\/1\/wp-json\/wp\/v2\/posts\/158758","targetHints":{"allow":["GET"]}}],"collection":[{"href":"https:\/\/www.caririemacao.com\/1\/wp-json\/wp\/v2\/posts"}],"about":[{"href":"https:\/\/www.caririemacao.com\/1\/wp-json\/wp\/v2\/types\/post"}],"author":[{"embeddable":true,"href":"https:\/\/www.caririemacao.com\/1\/wp-json\/wp\/v2\/users\/2"}],"replies":[{"embeddable":true,"href":"https:\/\/www.caririemacao.com\/1\/wp-json\/wp\/v2\/comments?post=158758"}],"version-history":[{"count":1,"href":"https:\/\/www.caririemacao.com\/1\/wp-json\/wp\/v2\/posts\/158758\/revisions"}],"predecessor-version":[{"id":158760,"href":"https:\/\/www.caririemacao.com\/1\/wp-json\/wp\/v2\/posts\/158758\/revisions\/158760"}],"wp:featuredmedia":[{"embeddable":true,"href":"https:\/\/www.caririemacao.com\/1\/wp-json\/wp\/v2\/media\/158759"}],"wp:attachment":[{"href":"https:\/\/www.caririemacao.com\/1\/wp-json\/wp\/v2\/media?parent=158758"}],"wp:term":[{"taxonomy":"category","embeddable":true,"href":"https:\/\/www.caririemacao.com\/1\/wp-json\/wp\/v2\/categories?post=158758"},{"taxonomy":"post_tag","embeddable":true,"href":"https:\/\/www.caririemacao.com\/1\/wp-json\/wp\/v2\/tags?post=158758"}],"curies":[{"name":"wp","href":"https:\/\/api.w.org\/{rel}","templated":true}]}}