{"id":158762,"date":"2020-03-18T14:41:47","date_gmt":"2020-03-18T17:41:47","guid":{"rendered":"http:\/\/www.caririemacao.com\/1\/?p=158762"},"modified":"2020-03-18T14:41:49","modified_gmt":"2020-03-18T17:41:49","slug":"justica-da-paraiba-autoriza-que-detentos-do-semiaberto-cumpram-pena-em-regime-domiciliar-a-partir-de-amanha","status":"publish","type":"post","link":"https:\/\/www.caririemacao.com\/1\/2020\/03\/18\/justica-da-paraiba-autoriza-que-detentos-do-semiaberto-cumpram-pena-em-regime-domiciliar-a-partir-de-amanha\/","title":{"rendered":"Justi\u00e7a da Para\u00edba autoriza que detentos do semiaberto cumpram pena em regime domiciliar a partir de amanh\u00e3"},"content":{"rendered":"\n<p>A Justi\u00e7a da Para\u00edba autorizou o cumprimento da pena no regime semiaberto, na Comarca da capital, em regime de pris\u00e3o domiciliar, pelo per\u00edodo de 30 dias, a partir desta quinta-feira (19). A determina\u00e7\u00e3o foi dada&nbsp;por meio da Vara de Execu\u00e7\u00f5es Penais de Jo\u00e3o Pessoa, obedecendo uma recomenda\u00e7\u00e3o&nbsp;do Conselho Nacional de Justi\u00e7a com base na classifica\u00e7\u00e3o pela Organiza\u00e7\u00e3o Mundial da Sa\u00fade (OMS) do coronav\u00edrus como pandemia.<\/p>\n\n\n\n<p>Dessa forma, os detentos que est\u00e3o em regime semiaberto n\u00e3o precisam se recolher na penitenci\u00e1ria, no entanto, mediante as seguintes condi\u00e7\u00f5es:<\/p>\n\n\n\n<ul class=\"wp-block-list\"><li>Ele deve permanecer recolhido em casa durante os finais de semana e feriados, e, diariamente, das 20h \u00e0s 5h e, nos s\u00e1bados, a partir das 13h e at\u00e9 as 5h da segunda-feira;<\/li><li>Quando houver feriado, o recolhimento deve acontecer \u00e0s 20h do dia anterior;<\/li><li>O detento n\u00e3o pode se ausentar da Regi\u00e3o Metropoloitana de Jo\u00e3o Pessoa (Jo\u00e3o Pessoa, Cabedelo, Bayeux e Santa Rita) ou mudar de resid\u00eancia sem autoriza\u00e7\u00e3o judicial;<\/li><li>N\u00e3o pode andar armado, ingerir bebida alco\u00f3lica, droga ou frequentar bares, festas p\u00fablicas, casas de shows;<\/li><li>Entre outras medidas.<\/li><\/ul>\n\n\n\n<p>Se essas medidas n\u00e3o forem cumpridas, o detento pode retornar ao regime prisional de forma mais r\u00edgida.<\/p>\n\n\n\n<p>Para ter direito a benef\u00edcio, o reeducando precisa apresentar \u00e0 dire\u00e7\u00e3o do pres\u00eddio um comprovante de resid\u00eancia para acontecer a fiscaliza\u00e7\u00e3o, que vai acontecer por meio da tornozeleira eletr\u00f4nica.<\/p>\n\n\n\n<p>De acordo com a portaria, fica suspensa pelo prazo de noventa dias a apresenta\u00e7\u00e3o regular dos reeducandos que est\u00e3o em liberdade condicional.<\/p>\n","protected":false},"excerpt":{"rendered":"<p>A Justi\u00e7a da Para\u00edba autorizou o cumprimento da pena no regime semiaberto, na Comarca da capital, em regime de pris\u00e3o domiciliar, pelo per\u00edodo de 30&hellip; <\/p>\n","protected":false},"author":2,"featured_media":158763,"comment_status":"closed","ping_status":"closed","sticky":false,"template":"","format":"standard","meta":{"sfsi_plus_gutenberg_text_before_share":"","sfsi_plus_gutenberg_show_text_before_share":"","sfsi_plus_gutenberg_icon_type":"","sfsi_plus_gutenberg_icon_alignemt":"","sfsi_plus_gutenburg_max_per_row":"","footnotes":""},"categories":[2],"tags":[],"class_list":["post-158762","post","type-post","status-publish","format-standard","has-post-thumbnail","hentry","category-geral"],"_links":{"self":[{"href":"https:\/\/www.caririemacao.com\/1\/wp-json\/wp\/v2\/posts\/158762","targetHints":{"allow":["GET"]}}],"collection":[{"href":"https:\/\/www.caririemacao.com\/1\/wp-json\/wp\/v2\/posts"}],"about":[{"href":"https:\/\/www.caririemacao.com\/1\/wp-json\/wp\/v2\/types\/post"}],"author":[{"embeddable":true,"href":"https:\/\/www.caririemacao.com\/1\/wp-json\/wp\/v2\/users\/2"}],"replies":[{"embeddable":true,"href":"https:\/\/www.caririemacao.com\/1\/wp-json\/wp\/v2\/comments?post=158762"}],"version-history":[{"count":1,"href":"https:\/\/www.caririemacao.com\/1\/wp-json\/wp\/v2\/posts\/158762\/revisions"}],"predecessor-version":[{"id":158764,"href":"https:\/\/www.caririemacao.com\/1\/wp-json\/wp\/v2\/posts\/158762\/revisions\/158764"}],"wp:featuredmedia":[{"embeddable":true,"href":"https:\/\/www.caririemacao.com\/1\/wp-json\/wp\/v2\/media\/158763"}],"wp:attachment":[{"href":"https:\/\/www.caririemacao.com\/1\/wp-json\/wp\/v2\/media?parent=158762"}],"wp:term":[{"taxonomy":"category","embeddable":true,"href":"https:\/\/www.caririemacao.com\/1\/wp-json\/wp\/v2\/categories?post=158762"},{"taxonomy":"post_tag","embeddable":true,"href":"https:\/\/www.caririemacao.com\/1\/wp-json\/wp\/v2\/tags?post=158762"}],"curies":[{"name":"wp","href":"https:\/\/api.w.org\/{rel}","templated":true}]}}