{"id":158766,"date":"2020-03-18T14:46:58","date_gmt":"2020-03-18T17:46:58","guid":{"rendered":"http:\/\/www.caririemacao.com\/1\/?p=158766"},"modified":"2020-03-18T14:47:00","modified_gmt":"2020-03-18T17:47:00","slug":"fronteira-do-brasil-com-a-venezuela-e-fechada","status":"publish","type":"post","link":"https:\/\/www.caririemacao.com\/1\/2020\/03\/18\/fronteira-do-brasil-com-a-venezuela-e-fechada\/","title":{"rendered":"Fronteira do Brasil com a Venezuela \u00e9 fechada"},"content":{"rendered":"\n<p> A fronteira do Brasil com a Venezuela, na cidade de Pacaraima (RR), foi fechada na manh\u00e3 desta quarta-feira (18). A restri\u00e7\u00e3o deve ser parcial e segue decis\u00e3o do presidente Jair Bolsonaro (sem partido) para conter o avan\u00e7o do novo coronav\u00edrus.<\/p>\n\n\n\n<p>Por volta de 8h40 militares do Ex\u00e9rcito se posicionaram pr\u00f3ximo ao posto de fiscaliza\u00e7\u00e3o da Pol\u00edcia Rodovi\u00e1ria Federal, a cerca de 300 metros do marco que divide os dois pa\u00edses, e passaram a impedir a entrada no Brasil de estrangeiros vindos da Venezuela.<\/p>\n\n\n\n<p>O bloqueio parcial deve durar 15 dias e havia sido anunciado nessa ter\u00e7a-feira (17) pelo presidente Bolsonaro. O tr\u00e1fego de transporte rodovi\u00e1rio de cargas continuar\u00e1 liberado.<\/p>\n\n\n\n<p>&#8220;N\u00e3o \u00e9 um fechamento total. O tr\u00e1fego de mercadorias vai continuar acontecendo. (&#8230;) Se voc\u00ea fecha o tr\u00e1fego com a Venezuela, a economia de Roraima desanca. A mesma coisa a Venezuela, [que] em parte tamb\u00e9m tem esse tr\u00e1fego de mercadorias conosco. N\u00e3o tem como tomar medidas radicais. N\u00e3o vai dar certo&#8221;, acrescentou Bolsonaro.<\/p>\n\n\n\n<p>A portaria que restringe a entrada no pa\u00eds de estrangeiros vindos da Venezuela foi publicada no Di\u00e1rio Oficial da Uni\u00e3o na madrugada desta quarta (18). A medida foi assinada pelos ministros Walter Souza Braga Netto, da Casa Civil, S\u00e9rgio Moro, da Justi\u00e7a, e Luiz Henrique Mandetta, da Sa\u00fade.<\/p>\n\n\n\n<p>Roraima registrou, at\u00e9 essa ter\u00e7a, nove casos suspeitos do novo coronav\u00edrus, conforme a Secretaria estadual de Sa\u00fade (Sesau). At\u00e9 o momento, n\u00e3o h\u00e1 casos confirmados no estado e o governo aguarda o resultado dos exames.<\/p>\n\n\n\n<p>Distante 215 km da capital Boa Vista, Pacaraima \u00e9 a principal porta de entrada de venezuelanos que entram no Brasil para fugir do colapso econ\u00f4mico e social no pa\u00eds comandado por Nicol\u00e1s Maduro. A Opera\u00e7\u00e3o Acolhida, que atua no fluxo migrat\u00f3rio, estima que cerca de 500 refugiados cruzam a fronteira do estado diariamente.<\/p>\n\n\n\n<p>Com a fronteira fechada, pessoas a p\u00e9 e carros n\u00e3o podem entrar no Brasil. Logo ap\u00f3s a registra\u00e7\u00e3o, v\u00e1rios imigrantes foram barrados e carros que seguiam na dire\u00e7\u00e3o Venezuela &#8211; Pacaraima tiveram de retornar.<\/p>\n\n\n\n<p>Caso haja descumprimento, a portaria prev\u00ea &#8220;a deporta\u00e7\u00e3o imediata do agente infrator e a inabilita\u00e7\u00e3o de pedido de ref\u00fagio&#8221; e a responsabiliza\u00e7\u00e3o civil, administrativa e penal.<\/p>\n\n\n\n<p>A medida do governo federal n\u00e3o restringe a entrada no pa\u00eds a brasileiro nato ou naturalizado &#8211; ou seja, essas pessoas podem passar pelo bloqueio. No ponto de fiscaliza\u00e7\u00e3o, militares do Ex\u00e9rcito t\u00eam exigido a documenta\u00e7\u00e3o de quem chega a Pacaraima.<\/p>\n\n\n\n<p>A venezuelana Ninosca Leon, de 55 anos, foi uma das pessoas barradas logo pela manh\u00e3, quando o acesso foi restringido. Acompanhada da fam\u00edlia, ela tentou atravessar de carro para Pacaraima para comprar comidas e rem\u00e9dios, mas n\u00e3o conseguiu.<\/p>\n\n\n\n<p>&#8220;Se s\u00e3o ordens para combater o v\u00edrus, ent\u00e3o \u00e9 preciso que sejam cumpridas, mas o governo deveria pensar em medidas para que possamos ter alimentos e, sobretudo, medicamento&#8221;, disse Ninosca.<\/p>\n\n\n\n<p>No Brasil, segundo o Minist\u00e9rio da Sa\u00fade, s\u00e3o 291 casos confirmados e mais de 8.000 suspeitos. Conforme a Organiza\u00e7\u00e3o Mundial de Sa\u00fade (OMS), o v\u00edrus se espalhou por diversos continentes e a situa\u00e7\u00e3o foi declarada como pandemia.<\/p>\n\n\n\n<p><strong>Pedido do governador<\/strong><\/p>\n\n\n\n<p>O governador de Roraima, Ant\u00f4nio Denarium (PSL), havia enviado na segunda-feira (16) ao governo federal um of\u00edcio pedindo o fechamento da fronteira do estado com a Guiana e a Venezuela em raz\u00e3o da pandemia de coronav\u00edrus. Ainda n\u00e3o h\u00e1 resposta quanto ao fechamento com a Guiana.<\/p>\n\n\n\n<p>Denarium disse haver um &#8220;risco efetivo&#8221; de circula\u00e7\u00e3o do v\u00edrus na fronteira, o que poderia agravar a crise na sa\u00fade p\u00fablica estadual.<\/p>\n\n\n\n<p>Na \u00faltima quinta-feira (12), Denarium j\u00e1 havia se manifestado pelo fechamento da fronteira em conversa com o ministro da Sa\u00fade, Henrique Mandetta.<\/p>\n","protected":false},"excerpt":{"rendered":"<p>A fronteira do Brasil com a Venezuela, na cidade de Pacaraima (RR), foi fechada na manh\u00e3 desta quarta-feira (18). A restri\u00e7\u00e3o deve ser parcial e&hellip; <\/p>\n","protected":false},"author":2,"featured_media":111615,"comment_status":"closed","ping_status":"closed","sticky":false,"template":"","format":"standard","meta":{"sfsi_plus_gutenberg_text_before_share":"","sfsi_plus_gutenberg_show_text_before_share":"","sfsi_plus_gutenberg_icon_type":"","sfsi_plus_gutenberg_icon_alignemt":"","sfsi_plus_gutenburg_max_per_row":"","footnotes":""},"categories":[2],"tags":[],"class_list":["post-158766","post","type-post","status-publish","format-standard","has-post-thumbnail","hentry","category-geral"],"_links":{"self":[{"href":"https:\/\/www.caririemacao.com\/1\/wp-json\/wp\/v2\/posts\/158766","targetHints":{"allow":["GET"]}}],"collection":[{"href":"https:\/\/www.caririemacao.com\/1\/wp-json\/wp\/v2\/posts"}],"about":[{"href":"https:\/\/www.caririemacao.com\/1\/wp-json\/wp\/v2\/types\/post"}],"author":[{"embeddable":true,"href":"https:\/\/www.caririemacao.com\/1\/wp-json\/wp\/v2\/users\/2"}],"replies":[{"embeddable":true,"href":"https:\/\/www.caririemacao.com\/1\/wp-json\/wp\/v2\/comments?post=158766"}],"version-history":[{"count":1,"href":"https:\/\/www.caririemacao.com\/1\/wp-json\/wp\/v2\/posts\/158766\/revisions"}],"predecessor-version":[{"id":158767,"href":"https:\/\/www.caririemacao.com\/1\/wp-json\/wp\/v2\/posts\/158766\/revisions\/158767"}],"wp:featuredmedia":[{"embeddable":true,"href":"https:\/\/www.caririemacao.com\/1\/wp-json\/wp\/v2\/media\/111615"}],"wp:attachment":[{"href":"https:\/\/www.caririemacao.com\/1\/wp-json\/wp\/v2\/media?parent=158766"}],"wp:term":[{"taxonomy":"category","embeddable":true,"href":"https:\/\/www.caririemacao.com\/1\/wp-json\/wp\/v2\/categories?post=158766"},{"taxonomy":"post_tag","embeddable":true,"href":"https:\/\/www.caririemacao.com\/1\/wp-json\/wp\/v2\/tags?post=158766"}],"curies":[{"name":"wp","href":"https:\/\/api.w.org\/{rel}","templated":true}]}}