{"id":158772,"date":"2020-03-18T14:51:03","date_gmt":"2020-03-18T17:51:03","guid":{"rendered":"http:\/\/www.caririemacao.com\/1\/?p=158772"},"modified":"2020-03-18T14:51:06","modified_gmt":"2020-03-18T17:51:06","slug":"assembleia-legislativa-aprova-projeto-de-lei-que-pune-quem-propaga-fake-news-sobre-covid-19","status":"publish","type":"post","link":"https:\/\/www.caririemacao.com\/1\/2020\/03\/18\/assembleia-legislativa-aprova-projeto-de-lei-que-pune-quem-propaga-fake-news-sobre-covid-19\/","title":{"rendered":"Assembleia Legislativa aprova projeto de lei que pune quem propaga fake news sobre Covid-19"},"content":{"rendered":"\n<p> A Assembleia Legislativa da Para\u00edba (ALPB) aprovou, nesta ter\u00e7a-feira (17), o projeto de lei do deputado estadual Wilson Filho (PTB) que pune em 20 a 200 UFR (Unidade Fiscal de Refer\u00eancia) quem propagar Fake News sobre o Coronav\u00edrus e demais endemias.<\/p>\n\n\n\n<p>O projeto de lei foi apresentado na ter\u00e7a e aprovado no mesmo dia pelo plen\u00e1rio da ALPB, em car\u00e1ter de urg\u00eancia urgent\u00edssima.<\/p>\n\n\n\n<p>\u201cO que vimos nestas \u00faltimas semanas foi muita gente negando a exist\u00eancia do Coronav\u00edrus, estimulando que as pessoas descumprissem as recomenda\u00e7\u00f5es m\u00e9dicas do minist\u00e9rio e secretarias de Sa\u00fade e, pior, vendendo vitaminas e suplementos como rem\u00e9dio ou uma esp\u00e9cie de vacina para a doen\u00e7a. \u00c9 preciso estar vigilante e punir as pessoas que dolosamente espalham desinforma\u00e7\u00e3o, obtendo vantagem financeira ou aumentando o p\u00e2nico na popula\u00e7\u00e3o se utilizando de doen\u00e7as graves como trampolim\u201d, afirmou.<\/p>\n\n\n\n<p>O PL prev\u00ea que a multa ser\u00e1 aplicada a todos que, de maneira dolosa, espalhem informa\u00e7\u00f5es falsas sobre a doen\u00e7a. De acordo com a cota\u00e7\u00e3o de mar\u00e7o do UFR na Para\u00edba, o valor da multa fica entre R$ 1 mil a R$ 10 mil, de acordo com a gravidade da a\u00e7\u00e3o cometida. O dinheiro da multa ser\u00e1 revertido para o sistema de sa\u00fade.<\/p>\n","protected":false},"excerpt":{"rendered":"<p>A Assembleia Legislativa da Para\u00edba (ALPB) aprovou, nesta ter\u00e7a-feira (17), o projeto de lei do deputado estadual Wilson Filho (PTB) que pune em 20 a&hellip; <\/p>\n","protected":false},"author":2,"featured_media":158773,"comment_status":"closed","ping_status":"closed","sticky":false,"template":"","format":"standard","meta":{"sfsi_plus_gutenberg_text_before_share":"","sfsi_plus_gutenberg_show_text_before_share":"","sfsi_plus_gutenberg_icon_type":"","sfsi_plus_gutenberg_icon_alignemt":"","sfsi_plus_gutenburg_max_per_row":"","footnotes":""},"categories":[2],"tags":[],"class_list":["post-158772","post","type-post","status-publish","format-standard","has-post-thumbnail","hentry","category-geral"],"_links":{"self":[{"href":"https:\/\/www.caririemacao.com\/1\/wp-json\/wp\/v2\/posts\/158772","targetHints":{"allow":["GET"]}}],"collection":[{"href":"https:\/\/www.caririemacao.com\/1\/wp-json\/wp\/v2\/posts"}],"about":[{"href":"https:\/\/www.caririemacao.com\/1\/wp-json\/wp\/v2\/types\/post"}],"author":[{"embeddable":true,"href":"https:\/\/www.caririemacao.com\/1\/wp-json\/wp\/v2\/users\/2"}],"replies":[{"embeddable":true,"href":"https:\/\/www.caririemacao.com\/1\/wp-json\/wp\/v2\/comments?post=158772"}],"version-history":[{"count":1,"href":"https:\/\/www.caririemacao.com\/1\/wp-json\/wp\/v2\/posts\/158772\/revisions"}],"predecessor-version":[{"id":158774,"href":"https:\/\/www.caririemacao.com\/1\/wp-json\/wp\/v2\/posts\/158772\/revisions\/158774"}],"wp:featuredmedia":[{"embeddable":true,"href":"https:\/\/www.caririemacao.com\/1\/wp-json\/wp\/v2\/media\/158773"}],"wp:attachment":[{"href":"https:\/\/www.caririemacao.com\/1\/wp-json\/wp\/v2\/media?parent=158772"}],"wp:term":[{"taxonomy":"category","embeddable":true,"href":"https:\/\/www.caririemacao.com\/1\/wp-json\/wp\/v2\/categories?post=158772"},{"taxonomy":"post_tag","embeddable":true,"href":"https:\/\/www.caririemacao.com\/1\/wp-json\/wp\/v2\/tags?post=158772"}],"curies":[{"name":"wp","href":"https:\/\/api.w.org\/{rel}","templated":true}]}}