{"id":158777,"date":"2020-03-18T14:59:13","date_gmt":"2020-03-18T17:59:13","guid":{"rendered":"http:\/\/www.caririemacao.com\/1\/?p=158777"},"modified":"2020-03-18T14:59:14","modified_gmt":"2020-03-18T17:59:14","slug":"prefeitura-de-sume-informa-sobre-medidas-preventivas-contra-o-coronavirus","status":"publish","type":"post","link":"https:\/\/www.caririemacao.com\/1\/2020\/03\/18\/prefeitura-de-sume-informa-sobre-medidas-preventivas-contra-o-coronavirus\/","title":{"rendered":"Prefeitura de Sum\u00e9 informa sobre medidas preventivas contra o coronav\u00edrus"},"content":{"rendered":"\n<p>A Prefeitura de Sum\u00e9 emitiu uma nota comunicando que a partir desta quinta-feira (19), o edif\u00edcio sede e as Secretarias de Educa\u00e7\u00e3o, Sa\u00fade, Assist\u00e9ncia Social, Obras e Agricultura estar\u00e3o com suas portas fechadas, limitando o atendimento ao p\u00fablico. <\/p>\n\n\n\n<p>A medida est\u00e1 sendo tomada para evitar a aglomera\u00e7\u00e3o de pessoas nas reparti\u00e7\u00f5es, e consequentemente, a dissemina\u00e7\u00e3o do COVID-19. Permanece funcionando normalmente o atendimento das unidades de sa\u00fade e a limpeza urbana. <\/p>\n","protected":false},"excerpt":{"rendered":"<p>A Prefeitura de Sum\u00e9 emitiu uma nota comunicando que a partir desta quinta-feira (19), o edif\u00edcio sede e as Secretarias de Educa\u00e7\u00e3o, Sa\u00fade, Assist\u00e9ncia Social,&hellip; <\/p>\n","protected":false},"author":1,"featured_media":158791,"comment_status":"closed","ping_status":"closed","sticky":false,"template":"","format":"standard","meta":{"sfsi_plus_gutenberg_text_before_share":"","sfsi_plus_gutenberg_show_text_before_share":"","sfsi_plus_gutenberg_icon_type":"","sfsi_plus_gutenberg_icon_alignemt":"","sfsi_plus_gutenburg_max_per_row":"","footnotes":""},"categories":[6,50],"tags":[],"class_list":["post-158777","post","type-post","status-publish","format-standard","has-post-thumbnail","hentry","category-cidades","category-destaque"],"_links":{"self":[{"href":"https:\/\/www.caririemacao.com\/1\/wp-json\/wp\/v2\/posts\/158777","targetHints":{"allow":["GET"]}}],"collection":[{"href":"https:\/\/www.caririemacao.com\/1\/wp-json\/wp\/v2\/posts"}],"about":[{"href":"https:\/\/www.caririemacao.com\/1\/wp-json\/wp\/v2\/types\/post"}],"author":[{"embeddable":true,"href":"https:\/\/www.caririemacao.com\/1\/wp-json\/wp\/v2\/users\/1"}],"replies":[{"embeddable":true,"href":"https:\/\/www.caririemacao.com\/1\/wp-json\/wp\/v2\/comments?post=158777"}],"version-history":[{"count":1,"href":"https:\/\/www.caririemacao.com\/1\/wp-json\/wp\/v2\/posts\/158777\/revisions"}],"predecessor-version":[{"id":158792,"href":"https:\/\/www.caririemacao.com\/1\/wp-json\/wp\/v2\/posts\/158777\/revisions\/158792"}],"wp:featuredmedia":[{"embeddable":true,"href":"https:\/\/www.caririemacao.com\/1\/wp-json\/wp\/v2\/media\/158791"}],"wp:attachment":[{"href":"https:\/\/www.caririemacao.com\/1\/wp-json\/wp\/v2\/media?parent=158777"}],"wp:term":[{"taxonomy":"category","embeddable":true,"href":"https:\/\/www.caririemacao.com\/1\/wp-json\/wp\/v2\/categories?post=158777"},{"taxonomy":"post_tag","embeddable":true,"href":"https:\/\/www.caririemacao.com\/1\/wp-json\/wp\/v2\/tags?post=158777"}],"curies":[{"name":"wp","href":"https:\/\/api.w.org\/{rel}","templated":true}]}}