{"id":158779,"date":"2020-03-18T14:53:39","date_gmt":"2020-03-18T17:53:39","guid":{"rendered":"http:\/\/www.caririemacao.com\/1\/?p=158779"},"modified":"2020-03-18T14:53:41","modified_gmt":"2020-03-18T17:53:41","slug":"presidente-do-conselho-do-santander-de-portugal-morre-de-covid-19","status":"publish","type":"post","link":"https:\/\/www.caririemacao.com\/1\/2020\/03\/18\/presidente-do-conselho-do-santander-de-portugal-morre-de-covid-19\/","title":{"rendered":"Presidente do conselho do Santander de Portugal morre de Covid-19"},"content":{"rendered":"\n<p>O presidente do conselho administrativo da unidade portuguesa do Santander, Ant\u00f3nio Vieira Monteiro, morreu nesta quarta-feira, 18. Segundo a imprensa local, Monteiro havia sido contaminado pelo novo coronav\u00edrus e se tornou a segunda v\u00edtima de Covid-19 no pa\u00eds. O governo de Portugal confirmou a segunda morte no pa\u00eds, mas n\u00e3o revelou a identidade do doente.<\/p>\n\n\n\n<p>Vieira Monteiro, de 73 anos, assumiu a presid\u00eancia do conselho do Santander Totta em 2019, ap\u00f3s sete anos como presidente-executivo.<\/p>\n\n\n\n<p>Segundo o Jornal Econ\u00f3mico, Vieira Monteiro foi colocado em quarentena no in\u00edcio deste m\u00eas ap\u00f3s uma viagem \u00e0 It\u00e1lia, e estava em tratamento intensivo em um hospital de Lisboa desde a semana passada. De acordo com o di\u00e1rio Expresso, a morte foi confirmada por fontes do pr\u00f3prio Santander.<\/p>\n\n\n\n<p>Procurado, o Banco Santander n\u00e3o se posicionou sobre a morte do executivo at\u00e9 a publica\u00e7\u00e3o desta mat\u00e9ria.<\/p>\n\n\n\n<p>Portugal registrou 642 casos confirmados de coronav\u00edrus, informou o Minist\u00e9rio da Sa\u00fade do pa\u00eds nesta quarta-feira. A vizinha Espanha tem 11.178 casos confirmados da doen\u00e7a.<\/p>\n\n\n\n<p><strong>Impactos do coronav\u00edrus<\/strong><br><\/p>\n\n\n\n<p>Na v\u00e9spera, o Santander Brasil alterou as proje\u00e7\u00f5es sobre impacto econ\u00f4mico que a pandemia ir\u00e1 causar. A previs\u00e3o \u00e9 que a dissemina\u00e7\u00e3o do v\u00edrus cause recess\u00e3o no bloco europeu, em que o PIB encolheria 0,5%. J\u00e1 no Brasil, o banco projeta crescimento de 1%, com recupera\u00e7\u00e3o da economia no segundo semestre do ano.<\/p>\n","protected":false},"excerpt":{"rendered":"<p>O presidente do conselho administrativo da unidade portuguesa do Santander, Ant\u00f3nio Vieira Monteiro, morreu nesta quarta-feira, 18. Segundo a imprensa local, Monteiro havia sido contaminado&hellip; <\/p>\n","protected":false},"author":2,"featured_media":158780,"comment_status":"closed","ping_status":"closed","sticky":false,"template":"","format":"standard","meta":{"sfsi_plus_gutenberg_text_before_share":"","sfsi_plus_gutenberg_show_text_before_share":"","sfsi_plus_gutenberg_icon_type":"","sfsi_plus_gutenberg_icon_alignemt":"","sfsi_plus_gutenburg_max_per_row":"","footnotes":""},"categories":[2],"tags":[],"class_list":["post-158779","post","type-post","status-publish","format-standard","has-post-thumbnail","hentry","category-geral"],"_links":{"self":[{"href":"https:\/\/www.caririemacao.com\/1\/wp-json\/wp\/v2\/posts\/158779","targetHints":{"allow":["GET"]}}],"collection":[{"href":"https:\/\/www.caririemacao.com\/1\/wp-json\/wp\/v2\/posts"}],"about":[{"href":"https:\/\/www.caririemacao.com\/1\/wp-json\/wp\/v2\/types\/post"}],"author":[{"embeddable":true,"href":"https:\/\/www.caririemacao.com\/1\/wp-json\/wp\/v2\/users\/2"}],"replies":[{"embeddable":true,"href":"https:\/\/www.caririemacao.com\/1\/wp-json\/wp\/v2\/comments?post=158779"}],"version-history":[{"count":1,"href":"https:\/\/www.caririemacao.com\/1\/wp-json\/wp\/v2\/posts\/158779\/revisions"}],"predecessor-version":[{"id":158781,"href":"https:\/\/www.caririemacao.com\/1\/wp-json\/wp\/v2\/posts\/158779\/revisions\/158781"}],"wp:featuredmedia":[{"embeddable":true,"href":"https:\/\/www.caririemacao.com\/1\/wp-json\/wp\/v2\/media\/158780"}],"wp:attachment":[{"href":"https:\/\/www.caririemacao.com\/1\/wp-json\/wp\/v2\/media?parent=158779"}],"wp:term":[{"taxonomy":"category","embeddable":true,"href":"https:\/\/www.caririemacao.com\/1\/wp-json\/wp\/v2\/categories?post=158779"},{"taxonomy":"post_tag","embeddable":true,"href":"https:\/\/www.caririemacao.com\/1\/wp-json\/wp\/v2\/tags?post=158779"}],"curies":[{"name":"wp","href":"https:\/\/api.w.org\/{rel}","templated":true}]}}