{"id":158783,"date":"2020-03-18T14:56:17","date_gmt":"2020-03-18T17:56:17","guid":{"rendered":"http:\/\/www.caririemacao.com\/1\/?p=158783"},"modified":"2020-03-18T14:56:19","modified_gmt":"2020-03-18T17:56:19","slug":"secretaria-de-esportes-de-monteiro-suspende-competicoes-como-medida-contra-o-covid-19","status":"publish","type":"post","link":"https:\/\/www.caririemacao.com\/1\/2020\/03\/18\/secretaria-de-esportes-de-monteiro-suspende-competicoes-como-medida-contra-o-covid-19\/","title":{"rendered":"Secretaria de Esportes de Monteiro suspende competi\u00e7\u00f5es como medida contra o Covid-19"},"content":{"rendered":"\n<p>Seguindo as recomenda\u00e7\u00f5es decretadas na manh\u00e3 desta ter\u00e7a-feira, 17, pela prefeita Anna Lorena, a Secretaria de Esportes resolve suspender por tempo indeterminado a Copa Dr. Chico.<\/p>\n\n\n\n<p>Um dos principais motivos para a suspens\u00e3o da competi\u00e7\u00e3o deve-se ao fato que este \u00e9 um dos maiores eventos esportivos do Cariri paraibano, que leva a cada domingo centenas de torcedores e comerciantes aos campos da zona rural.<\/p>\n\n\n\n<p>\u201cNeste sentido \u00e9 muito importante nos precavermos. S\u00e3o no m\u00ednimo 150 expectadores por partida, sem falar na quantidade de jogadores e at\u00e9 mesmo as pessoas que comercializam durante o evento. Esta pequena suspens\u00e3o ajuda na preven\u00e7\u00e3o, mesmo que n\u00e3o haja casos confirmados no estado. Precisamos cercar nossos atletas e popula\u00e7\u00e3o\u201d, informa o secret\u00e1rio da pasta, Rostand Chaves.Ainda de acordo com o secret\u00e1rio, o retorno das atividades esportivas do Ruralz\u00e3o 2020 ser\u00e1 previamente informado aos atletas e popula\u00e7\u00e3o. Rostand Chaves ainda acrescenta: \u201cEstamos suspendendo por enquanto o in\u00edcio de outras competi\u00e7\u00f5es em outras modalidades como o v\u00f4lei, mas sem preju\u00edzos aos competidores\u201d.<strong>Utilidade P\u00fablica<br><\/strong>Para a popula\u00e7\u00e3o que tenha qualquer d\u00favida a cerca dos sintomas do Covid-19, est\u00e3o dispon\u00edveis os n\u00fameros: 136 (Disque Sa\u00fade) e 83.99146-9790 (Plant\u00e3o tira-d\u00favidas 24h).<\/p>\n","protected":false},"excerpt":{"rendered":"<p>Seguindo as recomenda\u00e7\u00f5es decretadas na manh\u00e3 desta ter\u00e7a-feira, 17, pela prefeita Anna Lorena, a Secretaria de Esportes resolve suspender por tempo indeterminado a Copa Dr.&hellip; <\/p>\n","protected":false},"author":2,"featured_media":158784,"comment_status":"closed","ping_status":"closed","sticky":false,"template":"","format":"standard","meta":{"sfsi_plus_gutenberg_text_before_share":"","sfsi_plus_gutenberg_show_text_before_share":"","sfsi_plus_gutenberg_icon_type":"","sfsi_plus_gutenberg_icon_alignemt":"","sfsi_plus_gutenburg_max_per_row":"","footnotes":""},"categories":[2],"tags":[],"class_list":["post-158783","post","type-post","status-publish","format-standard","has-post-thumbnail","hentry","category-geral"],"_links":{"self":[{"href":"https:\/\/www.caririemacao.com\/1\/wp-json\/wp\/v2\/posts\/158783","targetHints":{"allow":["GET"]}}],"collection":[{"href":"https:\/\/www.caririemacao.com\/1\/wp-json\/wp\/v2\/posts"}],"about":[{"href":"https:\/\/www.caririemacao.com\/1\/wp-json\/wp\/v2\/types\/post"}],"author":[{"embeddable":true,"href":"https:\/\/www.caririemacao.com\/1\/wp-json\/wp\/v2\/users\/2"}],"replies":[{"embeddable":true,"href":"https:\/\/www.caririemacao.com\/1\/wp-json\/wp\/v2\/comments?post=158783"}],"version-history":[{"count":1,"href":"https:\/\/www.caririemacao.com\/1\/wp-json\/wp\/v2\/posts\/158783\/revisions"}],"predecessor-version":[{"id":158785,"href":"https:\/\/www.caririemacao.com\/1\/wp-json\/wp\/v2\/posts\/158783\/revisions\/158785"}],"wp:featuredmedia":[{"embeddable":true,"href":"https:\/\/www.caririemacao.com\/1\/wp-json\/wp\/v2\/media\/158784"}],"wp:attachment":[{"href":"https:\/\/www.caririemacao.com\/1\/wp-json\/wp\/v2\/media?parent=158783"}],"wp:term":[{"taxonomy":"category","embeddable":true,"href":"https:\/\/www.caririemacao.com\/1\/wp-json\/wp\/v2\/categories?post=158783"},{"taxonomy":"post_tag","embeddable":true,"href":"https:\/\/www.caririemacao.com\/1\/wp-json\/wp\/v2\/tags?post=158783"}],"curies":[{"name":"wp","href":"https:\/\/api.w.org\/{rel}","templated":true}]}}