{"id":158789,"date":"2020-03-18T14:59:16","date_gmt":"2020-03-18T17:59:16","guid":{"rendered":"http:\/\/www.caririemacao.com\/1\/?p=158789"},"modified":"2020-03-18T14:59:18","modified_gmt":"2020-03-18T17:59:18","slug":"policia-federal-faz-operacao-para-desarticular-comercio-de-dinheiro-falso-na-paraiba","status":"publish","type":"post","link":"https:\/\/www.caririemacao.com\/1\/2020\/03\/18\/policia-federal-faz-operacao-para-desarticular-comercio-de-dinheiro-falso-na-paraiba\/","title":{"rendered":"Pol\u00edcia Federal faz opera\u00e7\u00e3o para desarticular com\u00e9rcio de dinheiro falso na Para\u00edba"},"content":{"rendered":"\n<p>Uma opera\u00e7\u00e3o foi deflagrada pela Pol\u00edcia Federal na manh\u00e3 desta quarta-feira (18), em Cabedelo, na Grande Jo\u00e3o Pessoa, para desarticular uma associa\u00e7\u00e3o criminosa dedicada ao com\u00e9rcio de notas de dinheiro falsas na Para\u00edba. A a\u00e7\u00e3o cumpriu um mandado de busca e apreens\u00e3o na resid\u00eancia do alvo da opera\u00e7\u00e3o, que foi batizada Pec\u00fania, que \u00e9 sin\u00f4nimo de dinheiro ou moeda.<\/p>\n\n\n\n<p>A investiga\u00e7\u00e3o iniciou-se no meio do ano de 2019, a partir de den\u00fancia an\u00f4nima apresentada \u00e0 Pol\u00edcia Federal, no sentido de que determinadas pessoas estariam realizando a comercializa\u00e7\u00e3o de c\u00e9dulas falsas em grupos do aplicativo WhatsApp, e tamb\u00e9m pelas redes sociais.<\/p>\n\n\n\n<p>Ainda de acordo com a PF, com o aprofundamento da investiga\u00e7\u00e3o, uma pessoa foi presa em flagrante delito em outubro de 2019, quando recebia encomenda contendo mais de dois mil reais em moeda falsa, enviada da cidade de Mesquita, no Rio de Janeiro, com destino \u00e0 Campina Grande.<\/p>\n\n\n\n<p>O investigado vai responder pelos crimes de moeda falsa e associa\u00e7\u00e3o criminosa. As penas somadas podem superar 13 anos de reclus\u00e3o. Pelo menos 15 policiais federais participaram da opera\u00e7\u00e3o que cumpriu o mandado de busca na casa de uma das pessoas apontadas como negociador das moedas falsas em Cabedelo.<\/p>\n\n\n\n<p><em>G1 PB<\/em><\/p>\n","protected":false},"excerpt":{"rendered":"<p>Uma opera\u00e7\u00e3o foi deflagrada pela Pol\u00edcia Federal na manh\u00e3 desta quarta-feira (18), em Cabedelo, na Grande Jo\u00e3o Pessoa, para desarticular uma associa\u00e7\u00e3o criminosa dedicada ao&hellip; <\/p>\n","protected":false},"author":2,"featured_media":158790,"comment_status":"closed","ping_status":"closed","sticky":false,"template":"","format":"standard","meta":{"sfsi_plus_gutenberg_text_before_share":"","sfsi_plus_gutenberg_show_text_before_share":"","sfsi_plus_gutenberg_icon_type":"","sfsi_plus_gutenberg_icon_alignemt":"","sfsi_plus_gutenburg_max_per_row":"","footnotes":""},"categories":[2],"tags":[],"class_list":["post-158789","post","type-post","status-publish","format-standard","has-post-thumbnail","hentry","category-geral"],"_links":{"self":[{"href":"https:\/\/www.caririemacao.com\/1\/wp-json\/wp\/v2\/posts\/158789","targetHints":{"allow":["GET"]}}],"collection":[{"href":"https:\/\/www.caririemacao.com\/1\/wp-json\/wp\/v2\/posts"}],"about":[{"href":"https:\/\/www.caririemacao.com\/1\/wp-json\/wp\/v2\/types\/post"}],"author":[{"embeddable":true,"href":"https:\/\/www.caririemacao.com\/1\/wp-json\/wp\/v2\/users\/2"}],"replies":[{"embeddable":true,"href":"https:\/\/www.caririemacao.com\/1\/wp-json\/wp\/v2\/comments?post=158789"}],"version-history":[{"count":1,"href":"https:\/\/www.caririemacao.com\/1\/wp-json\/wp\/v2\/posts\/158789\/revisions"}],"predecessor-version":[{"id":158793,"href":"https:\/\/www.caririemacao.com\/1\/wp-json\/wp\/v2\/posts\/158789\/revisions\/158793"}],"wp:featuredmedia":[{"embeddable":true,"href":"https:\/\/www.caririemacao.com\/1\/wp-json\/wp\/v2\/media\/158790"}],"wp:attachment":[{"href":"https:\/\/www.caririemacao.com\/1\/wp-json\/wp\/v2\/media?parent=158789"}],"wp:term":[{"taxonomy":"category","embeddable":true,"href":"https:\/\/www.caririemacao.com\/1\/wp-json\/wp\/v2\/categories?post=158789"},{"taxonomy":"post_tag","embeddable":true,"href":"https:\/\/www.caririemacao.com\/1\/wp-json\/wp\/v2\/tags?post=158789"}],"curies":[{"name":"wp","href":"https:\/\/api.w.org\/{rel}","templated":true}]}}