{"id":158798,"date":"2020-03-18T17:11:20","date_gmt":"2020-03-18T20:11:20","guid":{"rendered":"http:\/\/www.caririemacao.com\/1\/?p=158798"},"modified":"2020-03-18T17:11:22","modified_gmt":"2020-03-18T20:11:22","slug":"mulher-morre-em-joao-pessoa-com-suspeita-do-coronavirus-diz-secretaria","status":"publish","type":"post","link":"https:\/\/www.caririemacao.com\/1\/2020\/03\/18\/mulher-morre-em-joao-pessoa-com-suspeita-do-coronavirus-diz-secretaria\/","title":{"rendered":"Mulher morre em Jo\u00e3o Pessoa com suspeita do coronav\u00edrus, diz secretaria"},"content":{"rendered":"\n<p>Uma mulher de 39 anos morreu na madrugada desta quarta-feira (18) com suspeita do novo coronav\u00edrus em Jo\u00e3o Pessoa. As informa\u00e7\u00f5es s\u00e3o da Secretaria de Estado da Sa\u00fade (SES), que aguarda o resultado de exame sobre poss\u00edvel contamina\u00e7\u00e3o.<\/p>\n\n\n\n<p>Conforme o secret\u00e1rio executivo de gest\u00e3o de unidades de sa\u00fade da Para\u00edba, Daniel Beltrammi, em entrevista \u00e0&nbsp;<strong>TV Cabo Branco<\/strong>, a an\u00e1lise do exame est\u00e1 sendo feita no Instituto Evandro Chagas, no Par\u00e1, que \u00e9 refer\u00eancia na realiza\u00e7\u00e3o do teste. Ele disse ainda que a mulher foi internada com problemas respirat\u00f3rios graves e que a gravidade do estado de sa\u00fade dela evoluiu.<\/p>\n\n\n\n<p>Segundo a assessoria de comunica\u00e7\u00e3o da secretaria, a paciente estava internada no Hospital Universit\u00e1rio Nova Esperan\u00e7a (HUNE) h\u00e1 duas semanas e apresentava mais de uma doen\u00e7a. Ainda segundo a SES, a mulher j\u00e1 teria alguns agravos de sa\u00fade, com reincid\u00eancia de interna\u00e7\u00f5es hospitalares e n\u00e3o tem hist\u00f3rico de contato com outros casos suspeitos de coronav\u00edrus j\u00e1 notificados no estado.<\/p>\n\n\n\n<p>\u201cN\u00f3s conhecemos o caso. Ela est\u00e1 enquadrada como caso suspeito. Assim que tivermos not\u00edcia, ela ser\u00e1 divulgada\u201d, garantiu Daniel.<\/p>\n\n\n\n<p>A assessoria da Secretaria de Estado da Sa\u00fade (SES) informou que a paciente foi notificada como caso suspeito na ter\u00e7a-feira (17). A mulher \u00e9 um dos 48 casos que ainda est\u00e3o em investiga\u00e7\u00e3o na Para\u00edba.<\/p>\n\n\n\n<p>Segundo dados da SES, divulgados nesta ter\u00e7a-feira (17), a Para\u00edba registrou 64 notifica\u00e7\u00f5es e nenhum caso confirmado. O balan\u00e7o tem os seguintes destaques:<\/p>\n\n\n\n<ul class=\"wp-block-list\"><li><strong>Nenhum caso confirmado<\/strong><\/li><li><strong>48<\/strong>&nbsp;casos&nbsp;<strong>suspeitos<\/strong><\/li><li><strong>16<\/strong>&nbsp;casos&nbsp;<strong>descartados<\/strong><\/li><\/ul>\n\n\n\n<p>G1 Para\u00edba<\/p>\n","protected":false},"excerpt":{"rendered":"<p>Uma mulher de 39 anos morreu na madrugada desta quarta-feira (18) com suspeita do novo coronav\u00edrus em Jo\u00e3o Pessoa. As informa\u00e7\u00f5es s\u00e3o da Secretaria de&hellip; <\/p>\n","protected":false},"author":1,"featured_media":158799,"comment_status":"closed","ping_status":"closed","sticky":false,"template":"","format":"standard","meta":{"sfsi_plus_gutenberg_text_before_share":"","sfsi_plus_gutenberg_show_text_before_share":"","sfsi_plus_gutenberg_icon_type":"","sfsi_plus_gutenberg_icon_alignemt":"","sfsi_plus_gutenburg_max_per_row":"","footnotes":""},"categories":[6,50],"tags":[],"class_list":["post-158798","post","type-post","status-publish","format-standard","has-post-thumbnail","hentry","category-cidades","category-destaque"],"_links":{"self":[{"href":"https:\/\/www.caririemacao.com\/1\/wp-json\/wp\/v2\/posts\/158798","targetHints":{"allow":["GET"]}}],"collection":[{"href":"https:\/\/www.caririemacao.com\/1\/wp-json\/wp\/v2\/posts"}],"about":[{"href":"https:\/\/www.caririemacao.com\/1\/wp-json\/wp\/v2\/types\/post"}],"author":[{"embeddable":true,"href":"https:\/\/www.caririemacao.com\/1\/wp-json\/wp\/v2\/users\/1"}],"replies":[{"embeddable":true,"href":"https:\/\/www.caririemacao.com\/1\/wp-json\/wp\/v2\/comments?post=158798"}],"version-history":[{"count":1,"href":"https:\/\/www.caririemacao.com\/1\/wp-json\/wp\/v2\/posts\/158798\/revisions"}],"predecessor-version":[{"id":158800,"href":"https:\/\/www.caririemacao.com\/1\/wp-json\/wp\/v2\/posts\/158798\/revisions\/158800"}],"wp:featuredmedia":[{"embeddable":true,"href":"https:\/\/www.caririemacao.com\/1\/wp-json\/wp\/v2\/media\/158799"}],"wp:attachment":[{"href":"https:\/\/www.caririemacao.com\/1\/wp-json\/wp\/v2\/media?parent=158798"}],"wp:term":[{"taxonomy":"category","embeddable":true,"href":"https:\/\/www.caririemacao.com\/1\/wp-json\/wp\/v2\/categories?post=158798"},{"taxonomy":"post_tag","embeddable":true,"href":"https:\/\/www.caririemacao.com\/1\/wp-json\/wp\/v2\/tags?post=158798"}],"curies":[{"name":"wp","href":"https:\/\/api.w.org\/{rel}","templated":true}]}}