{"id":158801,"date":"2020-03-18T17:25:15","date_gmt":"2020-03-18T20:25:15","guid":{"rendered":"http:\/\/www.caririemacao.com\/1\/?p=158801"},"modified":"2020-03-18T17:25:17","modified_gmt":"2020-03-18T20:25:17","slug":"1-caso-do-coronavirus-e-confirmado-na-paraiba","status":"publish","type":"post","link":"https:\/\/www.caririemacao.com\/1\/2020\/03\/18\/1-caso-do-coronavirus-e-confirmado-na-paraiba\/","title":{"rendered":"1\u00b0 caso do coronav\u00edrus \u00e9 confirmado na Para\u00edba"},"content":{"rendered":"\n<p>A Secretaria de Estado da Sa\u00fade recebeu, na tarde desta quarta-feira (18) o exame que confirma o primeiro caso de Covid-19 no estado. Trata-se de um homem de 60 anos, residente no munic\u00edpio de Jo\u00e3o Pessoa, com hist\u00f3rico de viagem para Europa, retornando ao Brasil no dia 29\/02. O paciente foi atendido pela rede privada, esteve em isolamento domiciliar e j\u00e1 est\u00e1 fora do per\u00edodo de contamina\u00e7\u00e3o da doen\u00e7a.<\/p>\n\n\n\n<p>J\u00e1 o caso de uma mulher de 39 anos, que faleceu na madrugada de quarta-feira (18), no Hospital Universit\u00e1rio Nova Esperan\u00e7a (HUNE), em Jo\u00e3o Pessoa, a Secretaria de Sa\u00fade informa que a paciente foi notificada como um dos casos suspeitos at\u00e9 o momento de Covid-19. O material para teste foi colhido e no momento a SES aguarda o resultado dos exames. A paciente apresentava comorbidades, ou seja, presen\u00e7a de mais de uma ou de v\u00e1rias doen\u00e7as na mesma pessoa.<\/p>\n\n\n\n<p>At\u00e9 o momento, a Para\u00edba realizou a notifica\u00e7\u00e3o e coleta de 96 casos, sendo 1 confirmado, 16 descartados e 80 aguardam resultado da an\u00e1lise dos exames pelo Instituto Evandro Chagas,&nbsp;&nbsp;em Bel\u00e9m-PA, refer\u00eancia regional. Todos os exames s\u00e3o realizados seguindo os crit\u00e9rios estabelecidos pelo Minist\u00e9rio da Sa\u00fade.<\/p>\n\n\n\n<p>BOATOS \u2013 O secret\u00e1rio de Estado da Sa\u00fade, da Para\u00edba, Geraldo Medeiros, desmentiu, em entrevista, a um programa de r\u00e1dio local, na tarde desta quarta-feira (18), a informa\u00e7\u00e3o que chamou de \u2018boato\u2019 de que estaria havendo subnotifica\u00e7\u00e3o dos casos de coronav\u00edrus no estado. Segundo ele, o sistema de sa\u00fade est\u00e1 preparado com todo o suporte necess\u00e1rio para identificar e tratar os casos<\/p>\n\n\n\n<p>O secret\u00e1rio explicou que, desde o dia 21 de fevereiro, h\u00e1 um planejamento estrat\u00e9gico que contempla todos os cen\u00e1rios poss\u00edveis. \u201cTemos 590 respiradores que podem ser remanejados e oito ondas que podem ser disparadas, paulatinamente, com 30 leitos de enfermaria e 10 leitos de UTI, distribu\u00eddos de acordo com a demanda e que ser\u00e3o disparados, novamente, quando 50% dos leitos estiverem ocupados. Temos 250 leitos de UTI.<\/p>\n\n\n\n<p>Em rela\u00e7\u00e3o \u00e0 disponibilidade de coleta de material e exames, temos os t\u00e9cnicos de vigil\u00e2ncia em sa\u00fade da Secretaria e um posto de coleta no Juliano Moreira, criado nesta ter\u00e7a (17), obedecendo ao protocolo do Minist\u00e9rio da Sa\u00fade\u201d, disse.<\/p>\n\n\n\n<p>\u201cInfelizmente uma m\u00e9dica destemperada e sem conhecimento propicia o p\u00e2nico na popula\u00e7\u00e3o. O governo est\u00e1 pronto para enfrentar o coronav\u00edrus, inclusive, estamos sendo refer\u00eancia para outros estados nesse combate. Estamos funcionando dentro dos crit\u00e9rios t\u00e9cnicos do Minist\u00e9rio da Sa\u00fade\u201d, denunciou.<\/p>\n\n\n\n<p>De acordo com ele, a Secretaria de Estado da Sa\u00fade (SES), n\u00e3o realiza coleta indiscriminada de material. \u201cTodos os materiais est\u00e3o sendo enviados ao Instituto Evandro Chagas, em Bel\u00e9m do Par\u00e1 e divulgamos os resultados assim que recebemos, pelo sistema, os resultados definitivos\u201d, declarou.<\/p>\n\n\n\n<p>O secret\u00e1rio agradeceu a todos os servidores da institui\u00e7\u00e3o. \u201cTodos est\u00e3o trabalhando com abnega\u00e7\u00e3o e compromisso social objetivando propiciar aos paraibanos a assist\u00eancia \u00e0 sa\u00fade adequada num momento que nos deparamos com uma pandemia\u201d, falou.<\/p>\n\n\n\n<p>\u201cRecomendamos aos pacientes acima de 60 anos, diab\u00e9ticos, hipertensos, enfisematosos, renais cr\u00f4nicos, cirr\u00f3ticos, com c\u00e2ncer fazendo quimioterapia, portadores de l\u00fapus, artrite reumat\u00f3ide e aqueles que utilizam cortic\u00f3ides, permanecerem em casa e evitarem aglomera\u00e7\u00f5es\u201d, orientou.<\/p>\n","protected":false},"excerpt":{"rendered":"<p>A Secretaria de Estado da Sa\u00fade recebeu, na tarde desta quarta-feira (18) o exame que confirma o primeiro caso de Covid-19 no estado. Trata-se de&hellip; <\/p>\n","protected":false},"author":1,"featured_media":158802,"comment_status":"closed","ping_status":"closed","sticky":false,"template":"","format":"standard","meta":{"sfsi_plus_gutenberg_text_before_share":"","sfsi_plus_gutenberg_show_text_before_share":"","sfsi_plus_gutenberg_icon_type":"","sfsi_plus_gutenberg_icon_alignemt":"","sfsi_plus_gutenburg_max_per_row":"","footnotes":""},"categories":[6,50],"tags":[],"class_list":["post-158801","post","type-post","status-publish","format-standard","has-post-thumbnail","hentry","category-cidades","category-destaque"],"_links":{"self":[{"href":"https:\/\/www.caririemacao.com\/1\/wp-json\/wp\/v2\/posts\/158801","targetHints":{"allow":["GET"]}}],"collection":[{"href":"https:\/\/www.caririemacao.com\/1\/wp-json\/wp\/v2\/posts"}],"about":[{"href":"https:\/\/www.caririemacao.com\/1\/wp-json\/wp\/v2\/types\/post"}],"author":[{"embeddable":true,"href":"https:\/\/www.caririemacao.com\/1\/wp-json\/wp\/v2\/users\/1"}],"replies":[{"embeddable":true,"href":"https:\/\/www.caririemacao.com\/1\/wp-json\/wp\/v2\/comments?post=158801"}],"version-history":[{"count":1,"href":"https:\/\/www.caririemacao.com\/1\/wp-json\/wp\/v2\/posts\/158801\/revisions"}],"predecessor-version":[{"id":158803,"href":"https:\/\/www.caririemacao.com\/1\/wp-json\/wp\/v2\/posts\/158801\/revisions\/158803"}],"wp:featuredmedia":[{"embeddable":true,"href":"https:\/\/www.caririemacao.com\/1\/wp-json\/wp\/v2\/media\/158802"}],"wp:attachment":[{"href":"https:\/\/www.caririemacao.com\/1\/wp-json\/wp\/v2\/media?parent=158801"}],"wp:term":[{"taxonomy":"category","embeddable":true,"href":"https:\/\/www.caririemacao.com\/1\/wp-json\/wp\/v2\/categories?post=158801"},{"taxonomy":"post_tag","embeddable":true,"href":"https:\/\/www.caririemacao.com\/1\/wp-json\/wp\/v2\/tags?post=158801"}],"curies":[{"name":"wp","href":"https:\/\/api.w.org\/{rel}","templated":true}]}}