{"id":158804,"date":"2020-03-18T18:11:15","date_gmt":"2020-03-18T21:11:15","guid":{"rendered":"http:\/\/www.caririemacao.com\/1\/?p=158804"},"modified":"2020-03-18T18:11:17","modified_gmt":"2020-03-18T21:11:17","slug":"prata-prefeitura-restringe-horario-de-funcionamento-por-conta-do-coronavirus","status":"publish","type":"post","link":"https:\/\/www.caririemacao.com\/1\/2020\/03\/18\/prata-prefeitura-restringe-horario-de-funcionamento-por-conta-do-coronavirus\/","title":{"rendered":"Prata: Prefeitura restringe  hor\u00e1rio de funcionamento por conta do coronav\u00edrus"},"content":{"rendered":"\n<p><br>A Prefeitura Municipal de Prata atrav\u00e9s do Prefeito Constitucional Ant\u00f4nio Costa N\u00f3brega J\u00fanior comunica que devido a medidas de preven\u00e7\u00e3o e combate \u00e0 COVID-19 (Corona V\u00edrus) restringe o\u00a0hor\u00e1rio de atendimento ao p\u00fablico apenas na Prefeitura Municipal de Prata no per\u00edodo das 8:00hrs \u00e0s 10:00 da manh\u00e3 por tempo indeterminado. Sendo assim, o funcionamento interno normalmente at\u00e9 as 13:00hrs.<\/p>\n\n\n\n<p><br>Os demais servi\u00e7os ligados ao municipio ter\u00e3o seus hor\u00e1rios de atendimentos ao publico em breve divulgados; esperamos contar com o entendimento e a colabora\u00e7\u00e3o de todos nesse momento de cuidado e preven\u00e7\u00e3o; agradecemos a compreens\u00e3o.<br><\/p>\n\n\n\n<p>Portal Cariri Paraibano<\/p>\n","protected":false},"excerpt":{"rendered":"<p>A Prefeitura Municipal de Prata atrav\u00e9s do Prefeito Constitucional Ant\u00f4nio Costa N\u00f3brega J\u00fanior comunica que devido a medidas de preven\u00e7\u00e3o e combate \u00e0 COVID-19 (Corona&hellip; <\/p>\n","protected":false},"author":1,"featured_media":158805,"comment_status":"closed","ping_status":"closed","sticky":false,"template":"","format":"standard","meta":{"sfsi_plus_gutenberg_text_before_share":"","sfsi_plus_gutenberg_show_text_before_share":"","sfsi_plus_gutenberg_icon_type":"","sfsi_plus_gutenberg_icon_alignemt":"","sfsi_plus_gutenburg_max_per_row":"","footnotes":""},"categories":[6,50],"tags":[],"class_list":["post-158804","post","type-post","status-publish","format-standard","has-post-thumbnail","hentry","category-cidades","category-destaque"],"_links":{"self":[{"href":"https:\/\/www.caririemacao.com\/1\/wp-json\/wp\/v2\/posts\/158804","targetHints":{"allow":["GET"]}}],"collection":[{"href":"https:\/\/www.caririemacao.com\/1\/wp-json\/wp\/v2\/posts"}],"about":[{"href":"https:\/\/www.caririemacao.com\/1\/wp-json\/wp\/v2\/types\/post"}],"author":[{"embeddable":true,"href":"https:\/\/www.caririemacao.com\/1\/wp-json\/wp\/v2\/users\/1"}],"replies":[{"embeddable":true,"href":"https:\/\/www.caririemacao.com\/1\/wp-json\/wp\/v2\/comments?post=158804"}],"version-history":[{"count":1,"href":"https:\/\/www.caririemacao.com\/1\/wp-json\/wp\/v2\/posts\/158804\/revisions"}],"predecessor-version":[{"id":158806,"href":"https:\/\/www.caririemacao.com\/1\/wp-json\/wp\/v2\/posts\/158804\/revisions\/158806"}],"wp:featuredmedia":[{"embeddable":true,"href":"https:\/\/www.caririemacao.com\/1\/wp-json\/wp\/v2\/media\/158805"}],"wp:attachment":[{"href":"https:\/\/www.caririemacao.com\/1\/wp-json\/wp\/v2\/media?parent=158804"}],"wp:term":[{"taxonomy":"category","embeddable":true,"href":"https:\/\/www.caririemacao.com\/1\/wp-json\/wp\/v2\/categories?post=158804"},{"taxonomy":"post_tag","embeddable":true,"href":"https:\/\/www.caririemacao.com\/1\/wp-json\/wp\/v2\/tags?post=158804"}],"curies":[{"name":"wp","href":"https:\/\/api.w.org\/{rel}","templated":true}]}}