{"id":158818,"date":"2020-03-19T06:11:39","date_gmt":"2020-03-19T09:11:39","guid":{"rendered":"http:\/\/www.caririemacao.com\/1\/?p=158818"},"modified":"2020-03-19T06:11:40","modified_gmt":"2020-03-19T09:11:40","slug":"presidente-do-senado-esta-com-coronavirus-diz-nota-oficial","status":"publish","type":"post","link":"https:\/\/www.caririemacao.com\/1\/2020\/03\/19\/presidente-do-senado-esta-com-coronavirus-diz-nota-oficial\/","title":{"rendered":"Presidente do Senado est\u00e1 com coronav\u00edrus, diz nota oficial"},"content":{"rendered":"\n<p>&nbsp;O presidente do Senado, Davi Alcolumbre (DEM-AP), 42, est\u00e1 com coronav\u00edrus, segundo nota oficial divulgada nesta quarta-feira (18). Na semana passada, seu primeiro exame havia dado negativo.<\/p>\n\n\n\n<p>\u201cDavi Alcolumbre, no entanto, est\u00e1 bem, sem sintomas severos, salvo alguma indisposi\u00e7\u00e3o, e segue em isolamento domiciliar, conforme determina o protocolo de conduta do Minist\u00e9rio da Sa\u00fade e a OMS\u201d, diz o texto enviado pelo Senado.<\/p>\n\n\n\n<p>Ele havia feito o primeiro teste na noite de quinta-feira (12) porque havia tido contato, ao longo da semana, com mais de 20 ministros, parlamentares e assessores que integraram a comitiva do presidente Jair Bolsonaro em viagem aos Estados Unidos, no in\u00edcio de mar\u00e7o. Dezoito integrantes dessa comitiva j\u00e1 foram diagnosticados com a Covid-19.<\/p>\n\n\n\n<p>Um dos integrantes da comitiva era o senador Nelsinho Trad (PSD-MS), presidente da Comiss\u00e3o de Rela\u00e7\u00f5es Exteriores, que tamb\u00e9m teve resultado positivo em seu exame.<\/p>\n\n\n\n<p>Trad havia participado de reuni\u00e3o em sala fechada com a maioria dos l\u00edderes partid\u00e1rios da C\u00e2mara e do Senado, al\u00e9m de Alcolulmbre e do presidente da C\u00e2mara, Rodrigo Maia (DEM-RJ).<\/p>\n\n\n\n<p>Tamb\u00e9m participaram os ministros Paulo Guedes (Economia), Luiz Henrique Mandetta (Sa\u00fade), Jorge Oliveira (Secretaria-Geral) e Luiz Eduardo Ramos (Secretaria de Governo) e o presidente do BC (Banco Central), Roberto Campos Neto (Banco Central).<\/p>\n\n\n\n<p>Na quinta passada, Alcolumbre viajou para o Amazonas com seis senadores e 11 deputados, al\u00e9m de assessores -uma delas apresenta sintomas de um forte resfriado.<\/p>\n\n\n\n<p>Tamb\u00e9m nesta quarta-feira, o ministro-chefe do GSI (Gabinete de Seguran\u00e7a Institucional), Augusto Heleno, informou que o seu exame para coronav\u00edrus teve resultado positivo. Tamb\u00e9m foi diagnosticado com a doen\u00e7a o ministro de Minas e Energia, Bento Albuquerque.<\/p>\n\n\n\n<p>O general da reserva, que participou da comitiva presidencial aos Estados Unidos e \u00e9 um dos ministros mais pr\u00f3ximos do presidente, tem 72 anos. J\u00e1 Albuquerque tem 61. Por causa da idade, eles fazem parte do grupo de risco para a doen\u00e7a.<\/p>\n\n\n\n<p>Nas redes sociais, Heleno disse que realizou o exame no HFA (Hospital das For\u00e7as Armadas), mas que ainda aguarda a contraprova realizada pela Funda\u00e7\u00e3o Oswaldo Cruz.<\/p>\n\n\n\n<p>\u201cInformo que o resultado do meu segundo exame, realizado no HFA, acusou positivo. Aguardo a contraprova da FioCruz. Estou sem febre e n\u00e3o apresento qualquer dos sintomas relacionados ao COVID-19. Estou isolado, em casa, e n\u00e3o atenderei telefonemas\u201d, disse.<\/p>\n\n\n\n<p>Com a confirma\u00e7\u00e3o do diagn\u00f3stico dos ministros, subiu para 18 o n\u00famero de integrantes da comitiva presidencial que viajou aos Estados Unidos a serem diagnosticados com a doen\u00e7a.<\/p>\n\n\n\n<p>O primeiro exame feito por Heleno, na semana passada, tinha dado negativo, segundo a sua assessoria de imprensa. Como o coronav\u00edrus pode demorar para se manifestar, ele realizou um novo teste na ter\u00e7a-feira (17).<\/p>\n\n\n\n<p>Naquele dia, Heleno teve tr\u00eas encontros com Bolsonaro, registrados na agenda oficial. Em nenhum deles ele usou m\u00e1scara cir\u00fargica. Na manh\u00e3 desta quarta-feira, a equipe de limpeza do Pal\u00e1cio do Planalto passou \u00e1lcool nos gabinetes da pasta.<\/p>\n\n\n\n<p>Na ter\u00e7a-feira, ap\u00f3s realizar o segundo exame, o ministro deu entrevista \u00e0 imprensa e disse que n\u00e3o \u00e9 absolutamente tranquilizador n\u00e3o ter os sintomas da doen\u00e7a.<\/p>\n\n\n\n<p>\u201cJ\u00e1 houve gente que foi diagnosticada, porque isso depende muito da rea\u00e7\u00e3o do seu organismo. \u00c0s vezes, seu organismo resiste a esse tipo de v\u00edrus sem ter grandes problemas\u201d, afirmou.<\/p>\n\n\n\n<p>Albuquerque tamb\u00e9m j\u00e1 havia feito um primeiro exame, que deu negativo, mas todos que estiveram na miss\u00e3o seguem protocolo m\u00e9dico e est\u00e3o realizando novas an\u00e1lises durante o per\u00edodo de incuba\u00e7\u00e3o do v\u00edrus.<\/p>\n\n\n\n<p>A confirma\u00e7\u00e3o de que ele estava com a doen\u00e7a foi feita por Bolsonaro durante entrevista coletiva com outros ministros nesta quarta -todos eles vestiam m\u00e1scaras.<\/p>\n\n\n\n<p>O presidente disse que a \u201cluz amarela\u201d do governo acendeu durante a opera\u00e7\u00e3o de resgate de brasileiros isolados na cidade chinesa de Wuhan, o epicentro da Covid-19.<\/p>\n\n\n\n<p>\u201cA todos ministros foi determinado que come\u00e7assem a se preocupar\u201d, disse. \u201cTodos sab\u00edamos que ele [v\u00edrus] chegaria\u201d, acrescentou.<\/p>\n\n\n\n<p>\u201cCome\u00e7amos a nos preparar. At\u00e9 que os primeiros casos come\u00e7aram a aparecer no Brasil. Alguns achavam que a gente deveria suspender o Carnaval. Tivemos esses dias um governador que queria impedir as pessoas de ir a praia. N\u00e3o s\u00f3 foi um fracasso como o n\u00famero de pessoas nas praias aumentou\u201d, declarou, numa cr\u00edtica velada ao governador do Rio, Wilson Witzel.<\/p>\n\n\n\n<p>Nesta ter\u00e7a, por\u00e9m, ele disse que havia histeria em rela\u00e7\u00e3o \u00e0 epidemia de coronav\u00edrus.<\/p>\n\n\n\n<p>Bolsonaro realizou seu segundo teste para a doen\u00e7a na ter\u00e7a, que deu negativo como o primeiro.<\/p>\n\n\n\n<p>Al\u00e9m de Albuquerque, Heleno e Trad, outras 15 pessoas que estiveram com o presidente em comitiva nos Estados Unidos foram diagnosticadas com a Covid-19.<\/p>\n\n\n\n<p>A assessoria do deputado federal Daniel Freitas (PSL-SC) confirmou o diagn\u00f3stico do parlamentar nesta ter\u00e7a-feira.<\/p>\n\n\n\n<p>Freitas come\u00e7ou a apresentar sintomas no \u00faltimo fim de semana e permanecer\u00e1 em quarentena em Bras\u00edlia.<\/p>\n\n\n\n<p>Na segunda-feira (16) j\u00e1 haviam sido diagnosticados o presidente da Federa\u00e7\u00e3o das Ind\u00fastrias de Minas Gerais, Fl\u00e1vio Roscoe, o secret\u00e1rio especial de Com\u00e9rcio Exterior, Marcos Troyjo, e o presidente da CNI (Confedera\u00e7\u00e3o Nacional da Ind\u00fastria), Robson Braga de Andrade.<\/p>\n\n\n\n<p>O GSI havia informado no domingo (15) que quatro integrantes da equipe que serviu de apoio \u00e0 viagem est\u00e3o infectadas.<\/p>\n\n\n\n<p>Tamb\u00e9m foram diagnosticados o publicit\u00e1rio S\u00e9rgio Lima, um empres\u00e1rio que n\u00e3o se identificou, o chefe da Secom, Fabio Wajngarten, o senador Nelsinho Trad (PSD-MS), o diplomata Nestor Forster, a advogada Karina Kufa, o prefeito de Miami, Francis Suarez, e o n\u00famero 2 da Secom, Samy Liberman.<\/p>\n","protected":false},"excerpt":{"rendered":"<p>&nbsp;O presidente do Senado, Davi Alcolumbre (DEM-AP), 42, est\u00e1 com coronav\u00edrus, segundo nota oficial divulgada nesta quarta-feira (18). Na semana passada, seu primeiro exame havia&hellip; <\/p>\n","protected":false},"author":2,"featured_media":158819,"comment_status":"closed","ping_status":"closed","sticky":false,"template":"","format":"standard","meta":{"sfsi_plus_gutenberg_text_before_share":"","sfsi_plus_gutenberg_show_text_before_share":"","sfsi_plus_gutenberg_icon_type":"","sfsi_plus_gutenberg_icon_alignemt":"","sfsi_plus_gutenburg_max_per_row":"","footnotes":""},"categories":[2],"tags":[],"class_list":["post-158818","post","type-post","status-publish","format-standard","has-post-thumbnail","hentry","category-geral"],"_links":{"self":[{"href":"https:\/\/www.caririemacao.com\/1\/wp-json\/wp\/v2\/posts\/158818","targetHints":{"allow":["GET"]}}],"collection":[{"href":"https:\/\/www.caririemacao.com\/1\/wp-json\/wp\/v2\/posts"}],"about":[{"href":"https:\/\/www.caririemacao.com\/1\/wp-json\/wp\/v2\/types\/post"}],"author":[{"embeddable":true,"href":"https:\/\/www.caririemacao.com\/1\/wp-json\/wp\/v2\/users\/2"}],"replies":[{"embeddable":true,"href":"https:\/\/www.caririemacao.com\/1\/wp-json\/wp\/v2\/comments?post=158818"}],"version-history":[{"count":1,"href":"https:\/\/www.caririemacao.com\/1\/wp-json\/wp\/v2\/posts\/158818\/revisions"}],"predecessor-version":[{"id":158820,"href":"https:\/\/www.caririemacao.com\/1\/wp-json\/wp\/v2\/posts\/158818\/revisions\/158820"}],"wp:featuredmedia":[{"embeddable":true,"href":"https:\/\/www.caririemacao.com\/1\/wp-json\/wp\/v2\/media\/158819"}],"wp:attachment":[{"href":"https:\/\/www.caririemacao.com\/1\/wp-json\/wp\/v2\/media?parent=158818"}],"wp:term":[{"taxonomy":"category","embeddable":true,"href":"https:\/\/www.caririemacao.com\/1\/wp-json\/wp\/v2\/categories?post=158818"},{"taxonomy":"post_tag","embeddable":true,"href":"https:\/\/www.caririemacao.com\/1\/wp-json\/wp\/v2\/tags?post=158818"}],"curies":[{"name":"wp","href":"https:\/\/api.w.org\/{rel}","templated":true}]}}