{"id":158822,"date":"2020-03-19T06:16:15","date_gmt":"2020-03-19T09:16:15","guid":{"rendered":"http:\/\/www.caririemacao.com\/1\/?p=158822"},"modified":"2020-03-19T06:16:16","modified_gmt":"2020-03-19T09:16:16","slug":"campeonato-paraibano-e-suspenso-por-tempo-indeterminado-decide-fpf","status":"publish","type":"post","link":"https:\/\/www.caririemacao.com\/1\/2020\/03\/19\/campeonato-paraibano-e-suspenso-por-tempo-indeterminado-decide-fpf\/","title":{"rendered":"Campeonato Paraibano \u00e9 suspenso por tempo indeterminado, decide FPF"},"content":{"rendered":"\n<p>Est\u00e1 suspendo por tempo indeterminado o Campeonato Paraibano 2020, devido ao surto do novo coronav\u00edrus.&nbsp;A decis\u00e3o foi anunciada nesta quarta-feira (18) pela&nbsp;Federa\u00e7\u00e3o Paraibana de Futebol (FPF).&nbsp;<\/p>\n\n\n\n<p>Os dirigentes tomaram a medida, ap\u00f3s levar em considera\u00e7\u00e3o as resolu\u00e7\u00f5es do Minist\u00e9rio da Sa\u00fade de evitar aglomera\u00e7\u00f5es e fechar os port\u00f5es durante as partidas para evitar a participa\u00e7\u00e3o da torcida.&nbsp;&nbsp;Assim, segundo a nota, a entidade&nbsp;atende as medidas de recomenda\u00e7\u00f5es do Governo do Estado, da Confedera\u00e7\u00e3o Brasileira de Futebol e do N\u00facleo do Desporto e Defesa do Torcedor (Nudetor) do Minist\u00e9rio P\u00fablico da Para\u00edba (MPPB).<\/p>\n\n\n\n<p>Na Para\u00edba foi registrado a primeira morte suspeita devido \u00e0 doen\u00e7a, mas a Secretaria de Estado da Sa\u00fade (SES) ainda aguarda contraprova do caso.<br><\/p>\n\n\n\n<p>Ainda nesta quarta-feira, acontecem os jogos entre Sport Lagoa Seca e Nacional de Patos, e Botafogo-PB e Sousa.<br><\/p>\n\n\n\n<p>A medida tamb\u00e9m vai paralisar todos os servi\u00e7os prestados pela Federa\u00e7\u00e3o Paraibana de Futebol, ficando atendendo em regime de plant\u00e3o de segunda a sexta-feira das 14h \u00e0s 18h.<\/p>\n\n\n\n<p>Confira a nota divulgada:<\/p>\n\n\n\n<figure class=\"wp-block-image\"><img decoding=\"async\" data-src=\"https:\/\/www.clickpb.com.br\/media\/filer_public\/dd\/f3\/ddf3ffdc-f3fd-4eb5-ab97-5e268e3b123b\/fpf-e1584562834225.jpg\" alt=\"\" src=\"data:image\/svg+xml;base64,PHN2ZyB3aWR0aD0iMSIgaGVpZ2h0PSIxIiB4bWxucz0iaHR0cDovL3d3dy53My5vcmcvMjAwMC9zdmciPjwvc3ZnPg==\" class=\"lazyload\" \/><\/figure>\n","protected":false},"excerpt":{"rendered":"<p>Est\u00e1 suspendo por tempo indeterminado o Campeonato Paraibano 2020, devido ao surto do novo coronav\u00edrus.&nbsp;A decis\u00e3o foi anunciada nesta quarta-feira (18) pela&nbsp;Federa\u00e7\u00e3o Paraibana de Futebol&hellip; <\/p>\n","protected":false},"author":2,"featured_media":158823,"comment_status":"closed","ping_status":"closed","sticky":false,"template":"","format":"standard","meta":{"sfsi_plus_gutenberg_text_before_share":"","sfsi_plus_gutenberg_show_text_before_share":"","sfsi_plus_gutenberg_icon_type":"","sfsi_plus_gutenberg_icon_alignemt":"","sfsi_plus_gutenburg_max_per_row":"","footnotes":""},"categories":[2],"tags":[],"class_list":["post-158822","post","type-post","status-publish","format-standard","has-post-thumbnail","hentry","category-geral"],"_links":{"self":[{"href":"https:\/\/www.caririemacao.com\/1\/wp-json\/wp\/v2\/posts\/158822","targetHints":{"allow":["GET"]}}],"collection":[{"href":"https:\/\/www.caririemacao.com\/1\/wp-json\/wp\/v2\/posts"}],"about":[{"href":"https:\/\/www.caririemacao.com\/1\/wp-json\/wp\/v2\/types\/post"}],"author":[{"embeddable":true,"href":"https:\/\/www.caririemacao.com\/1\/wp-json\/wp\/v2\/users\/2"}],"replies":[{"embeddable":true,"href":"https:\/\/www.caririemacao.com\/1\/wp-json\/wp\/v2\/comments?post=158822"}],"version-history":[{"count":1,"href":"https:\/\/www.caririemacao.com\/1\/wp-json\/wp\/v2\/posts\/158822\/revisions"}],"predecessor-version":[{"id":158824,"href":"https:\/\/www.caririemacao.com\/1\/wp-json\/wp\/v2\/posts\/158822\/revisions\/158824"}],"wp:featuredmedia":[{"embeddable":true,"href":"https:\/\/www.caririemacao.com\/1\/wp-json\/wp\/v2\/media\/158823"}],"wp:attachment":[{"href":"https:\/\/www.caririemacao.com\/1\/wp-json\/wp\/v2\/media?parent=158822"}],"wp:term":[{"taxonomy":"category","embeddable":true,"href":"https:\/\/www.caririemacao.com\/1\/wp-json\/wp\/v2\/categories?post=158822"},{"taxonomy":"post_tag","embeddable":true,"href":"https:\/\/www.caririemacao.com\/1\/wp-json\/wp\/v2\/tags?post=158822"}],"curies":[{"name":"wp","href":"https:\/\/api.w.org\/{rel}","templated":true}]}}