{"id":158826,"date":"2020-03-19T06:17:54","date_gmt":"2020-03-19T09:17:54","guid":{"rendered":"http:\/\/www.caririemacao.com\/1\/?p=158826"},"modified":"2020-03-19T06:17:56","modified_gmt":"2020-03-19T09:17:56","slug":"copom-baixa-taxa-selic-para-375-ao-ano-em-meio-a-crise-do-coronavirus","status":"publish","type":"post","link":"https:\/\/www.caririemacao.com\/1\/2020\/03\/19\/copom-baixa-taxa-selic-para-375-ao-ano-em-meio-a-crise-do-coronavirus\/","title":{"rendered":"Copom baixa taxa Selic para 3,75% ao ano em meio \u00e0 crise do coronav\u00edrus"},"content":{"rendered":"\n<p>O Comit\u00ea de Pol\u00edtica Monet\u00e1ria do Banco Central (Copom) reduziu nesta quarta-feira (17) a taxa b\u00e1sica de juros da economia brasileira de 4,25% para 3,75% ao ano. A decis\u00e3o foi un\u00e2nime.<\/p>\n\n\n\n<p>Com a redu\u00e7\u00e3o, o juro b\u00e1sico recuou ao menor patamar desde 1999 &#8211; quando entrou em vigor o regime de metas para a infla\u00e7\u00e3o. Em pesquisa realizada na semana passada pelo BC, a maior parte do mercado projetava um corte menor nos juros, para 4% ao ano.<\/p>\n\n\n\n<p>A decis\u00e3o do BC, tomada em meio \u00e0 crise gerada pela pandemia do coronav\u00edrus, segue o exemplo de outros bancos centrais do mundo, como o Federal Reserve (BC norte-americano) e o Banco da Inglaterra.<\/p>\n\n\n\n<p>O an\u00fancio do Banco Central cita, como fatores que comp\u00f5em o cen\u00e1rio econ\u00f4mico atual:<\/p>\n\n\n\n<ul class=\"wp-block-list\"><li>a &#8220;desacelera\u00e7\u00e3o significativa do crescimento global&#8221;,<\/li><li>a queda dos pre\u00e7os das commodities;<\/li><li>o &#8220;aumento da volatividade nos pre\u00e7os de ativos financeiros&#8221;,<\/li><li>e os impactos futuros do coronav\u00edrus na economia &#8211; que, segundo o BC, ainda n\u00e3o est\u00e3o refletidos nos dados mais recentes da atividade econ\u00f4mica brasileira.<\/li><li>O comunicado fala em &#8220;cautela&#8221; na condu\u00e7\u00e3o da pol\u00edtica monet\u00e1ria, mas n\u00e3o descarta que os juros b\u00e1sicos da economia caiam ainda mais, a depender da conjuntura.<\/li><\/ul>\n\n\n\n<p>&#8220;O Copom entende que a atual conjuntura prescreve cautela na condu\u00e7\u00e3o da pol\u00edtica monet\u00e1ria, e neste momento v\u00ea como adequada a manuten\u00e7\u00e3o da taxa Selic em seu novo patamar. No entanto, o Comit\u00ea reconhece que se elevou a vari\u00e2ncia do seu balan\u00e7o de riscos e novas informa\u00e7\u00f5es sobre a conjuntura econ\u00f4mica ser\u00e3o essenciais para definir seus pr\u00f3ximos passos&#8221;, diz a nota do conselho.<br><\/p>\n\n\n\n<p>&#8220;O Banco Central do Brasil ressalta que continuar\u00e1 fazendo uso de todo o seu arsenal de medidas de pol\u00edticas monet\u00e1ria, cambial e de estabilidade financeira no enfrentamento da crise atual.&#8221;<\/p>\n\n\n\n<p>Nesta ter\u00e7a (17), o governo federal informou que pedir\u00e1 ao Congresso Nacional para reconhecer estado de calamidade p\u00fablica. A medida, na pr\u00e1tica, autorizar\u00e1 o Poder Executivo a n\u00e3o cumprir a meta fiscal deste ano, que prev\u00ea d\u00e9ficit fiscal de R$ 124,1 bilh\u00f5es.<\/p>\n\n\n\n<p><strong>Atividade em queda<\/strong><br><\/p>\n\n\n\n<p>Com a infla\u00e7\u00e3o comportada, o corte de juros denota preocupa\u00e7\u00e3o do Banco Central com a desacelera\u00e7\u00e3o do n\u00edvel de atividade da economia mundial.<\/p>\n\n\n\n<p>A Organiza\u00e7\u00e3o para a Coopera\u00e7\u00e3o e Desenvolvimento Econ\u00f4mico (OCDE), por exemplo, j\u00e1 reduziu de 2,9% para 2,4% a previs\u00e3o de crescimento da economia global.<\/p>\n\n\n\n<p>A expectativa dos analistas do mercado era de alta de 2,5% do Produto Interno Bruto (PIB) neste ano. Entretanto, na semana passada, o mercado reduziu a proje\u00e7\u00e3o para 1,68%.<\/p>\n\n\n\n<p>Em relat\u00f3rio divulgado nesta semana, a Institui\u00e7\u00e3o Fiscal Independente (IFI), ligada ao Senado Federal, avaliou, por\u00e9m, que &#8220;a mera redu\u00e7\u00e3o dos juros n\u00e3o resulta em respostas diretas da atividade econ\u00f4mica&#8221;.<\/p>\n\n\n\n<p>Segundo a IFI, o n\u00edvel de atividade tamb\u00e9m depende &#8220;da confian\u00e7a dos agentes, da previsibilidade a respeito das a\u00e7\u00f5es a serem tomadas no campo fiscal [contas p\u00fablicas], do ambiente de neg\u00f3cios e do quadro internacional&#8221;.<\/p>\n\n\n\n<p>De acordo com analistas, por\u00e9m, um novo corte na taxa de juros pelo Copom pode intensificar as press\u00f5es de alta do d\u00f3lar. Isso porque a redu\u00e7\u00e3o da Selic diminuiria a rentabilidade das aplica\u00e7\u00f5es financeiras no pa\u00eds &#8211; o que poderia estimular uma retirada adicional de recursos de estrangeiros.<\/p>\n","protected":false},"excerpt":{"rendered":"<p>O Comit\u00ea de Pol\u00edtica Monet\u00e1ria do Banco Central (Copom) reduziu nesta quarta-feira (17) a taxa b\u00e1sica de juros da economia brasileira de 4,25% para 3,75%&hellip; <\/p>\n","protected":false},"author":2,"featured_media":158827,"comment_status":"closed","ping_status":"closed","sticky":false,"template":"","format":"standard","meta":{"sfsi_plus_gutenberg_text_before_share":"","sfsi_plus_gutenberg_show_text_before_share":"","sfsi_plus_gutenberg_icon_type":"","sfsi_plus_gutenberg_icon_alignemt":"","sfsi_plus_gutenburg_max_per_row":"","footnotes":""},"categories":[2],"tags":[],"class_list":["post-158826","post","type-post","status-publish","format-standard","has-post-thumbnail","hentry","category-geral"],"_links":{"self":[{"href":"https:\/\/www.caririemacao.com\/1\/wp-json\/wp\/v2\/posts\/158826","targetHints":{"allow":["GET"]}}],"collection":[{"href":"https:\/\/www.caririemacao.com\/1\/wp-json\/wp\/v2\/posts"}],"about":[{"href":"https:\/\/www.caririemacao.com\/1\/wp-json\/wp\/v2\/types\/post"}],"author":[{"embeddable":true,"href":"https:\/\/www.caririemacao.com\/1\/wp-json\/wp\/v2\/users\/2"}],"replies":[{"embeddable":true,"href":"https:\/\/www.caririemacao.com\/1\/wp-json\/wp\/v2\/comments?post=158826"}],"version-history":[{"count":1,"href":"https:\/\/www.caririemacao.com\/1\/wp-json\/wp\/v2\/posts\/158826\/revisions"}],"predecessor-version":[{"id":158828,"href":"https:\/\/www.caririemacao.com\/1\/wp-json\/wp\/v2\/posts\/158826\/revisions\/158828"}],"wp:featuredmedia":[{"embeddable":true,"href":"https:\/\/www.caririemacao.com\/1\/wp-json\/wp\/v2\/media\/158827"}],"wp:attachment":[{"href":"https:\/\/www.caririemacao.com\/1\/wp-json\/wp\/v2\/media?parent=158826"}],"wp:term":[{"taxonomy":"category","embeddable":true,"href":"https:\/\/www.caririemacao.com\/1\/wp-json\/wp\/v2\/categories?post=158826"},{"taxonomy":"post_tag","embeddable":true,"href":"https:\/\/www.caririemacao.com\/1\/wp-json\/wp\/v2\/tags?post=158826"}],"curies":[{"name":"wp","href":"https:\/\/api.w.org\/{rel}","templated":true}]}}