{"id":158830,"date":"2020-03-19T06:19:31","date_gmt":"2020-03-19T09:19:31","guid":{"rendered":"http:\/\/www.caririemacao.com\/1\/?p=158830"},"modified":"2020-03-19T06:19:33","modified_gmt":"2020-03-19T09:19:33","slug":"bolsonaro-anuncia-que-ministro-bento-albuquerque-contraiu-coronavirus","status":"publish","type":"post","link":"https:\/\/www.caririemacao.com\/1\/2020\/03\/19\/bolsonaro-anuncia-que-ministro-bento-albuquerque-contraiu-coronavirus\/","title":{"rendered":"Bolsonaro anuncia que ministro Bento Albuquerque contraiu coronav\u00edrus"},"content":{"rendered":"\n<p>Usando uma m\u00e1scara durante entrevista coletiva no Pal\u00e1cio do&nbsp;Planalto, o presidente Jair Bolsonaro anunciou na tarde desta quarta-feira que&nbsp;o ministro de Minas e Energia, Bento Albuquerque, contraiu o novo&nbsp;coronav\u00edrus.<\/p>\n\n\n\n<p>Acompanhado de outros ministros, tamb\u00e9m com m\u00e1scaras, ele justificou a&nbsp;medida citando a infec\u00e7\u00e3o do ministro-chefe do Gabinete de Seguran\u00e7a&nbsp;Institucional (GSI), Augusto Heleno, divulgada mais cedo, e de Albuquerque,&nbsp;revelada por ele.<\/p>\n\n\n\n<p>A coletiva estava marcada para as 14h30 e come\u00e7ou com 15 minutos de atraso,&nbsp;no Sal\u00e3o Oeste do Planalto. Al\u00e9m do presidente e dos ministros, outros&nbsp;funcion\u00e1rios da Presid\u00eancia, entre eles seguran\u00e7as, tamb\u00e9m utilizam m\u00e1scaras.<\/p>\n\n\n\n<p>Al\u00e9m dos ministros, como o da Sa\u00fade, Luiz Henrique Mandetta, e da Economia,<br>Paulo Guedes, o diretor-presidente da Ag\u00eancia Nacional de Vigil\u00e2ncia Sanit\u00e1ria<br>(Anvisa), Antonio Barra Torres tamb\u00e9m se sentou \u00e0 mesa ao lado de Bolsonaro.<\/p>\n","protected":false},"excerpt":{"rendered":"<p>Usando uma m\u00e1scara durante entrevista coletiva no Pal\u00e1cio do&nbsp;Planalto, o presidente Jair Bolsonaro anunciou na tarde desta quarta-feira que&nbsp;o ministro de Minas e Energia, Bento&hellip; <\/p>\n","protected":false},"author":2,"featured_media":158831,"comment_status":"closed","ping_status":"closed","sticky":false,"template":"","format":"standard","meta":{"sfsi_plus_gutenberg_text_before_share":"","sfsi_plus_gutenberg_show_text_before_share":"","sfsi_plus_gutenberg_icon_type":"","sfsi_plus_gutenberg_icon_alignemt":"","sfsi_plus_gutenburg_max_per_row":"","footnotes":""},"categories":[11],"tags":[],"class_list":["post-158830","post","type-post","status-publish","format-standard","has-post-thumbnail","hentry","category-politica"],"_links":{"self":[{"href":"https:\/\/www.caririemacao.com\/1\/wp-json\/wp\/v2\/posts\/158830","targetHints":{"allow":["GET"]}}],"collection":[{"href":"https:\/\/www.caririemacao.com\/1\/wp-json\/wp\/v2\/posts"}],"about":[{"href":"https:\/\/www.caririemacao.com\/1\/wp-json\/wp\/v2\/types\/post"}],"author":[{"embeddable":true,"href":"https:\/\/www.caririemacao.com\/1\/wp-json\/wp\/v2\/users\/2"}],"replies":[{"embeddable":true,"href":"https:\/\/www.caririemacao.com\/1\/wp-json\/wp\/v2\/comments?post=158830"}],"version-history":[{"count":1,"href":"https:\/\/www.caririemacao.com\/1\/wp-json\/wp\/v2\/posts\/158830\/revisions"}],"predecessor-version":[{"id":158832,"href":"https:\/\/www.caririemacao.com\/1\/wp-json\/wp\/v2\/posts\/158830\/revisions\/158832"}],"wp:featuredmedia":[{"embeddable":true,"href":"https:\/\/www.caririemacao.com\/1\/wp-json\/wp\/v2\/media\/158831"}],"wp:attachment":[{"href":"https:\/\/www.caririemacao.com\/1\/wp-json\/wp\/v2\/media?parent=158830"}],"wp:term":[{"taxonomy":"category","embeddable":true,"href":"https:\/\/www.caririemacao.com\/1\/wp-json\/wp\/v2\/categories?post=158830"},{"taxonomy":"post_tag","embeddable":true,"href":"https:\/\/www.caririemacao.com\/1\/wp-json\/wp\/v2\/tags?post=158830"}],"curies":[{"name":"wp","href":"https:\/\/api.w.org\/{rel}","templated":true}]}}