{"id":158833,"date":"2020-03-19T06:20:44","date_gmt":"2020-03-19T09:20:44","guid":{"rendered":"http:\/\/www.caririemacao.com\/1\/?p=158833"},"modified":"2020-03-19T06:20:46","modified_gmt":"2020-03-19T09:20:46","slug":"brasil-tem-372-casos-confirmados-do-novo-coronavirus-em-19-estados","status":"publish","type":"post","link":"https:\/\/www.caririemacao.com\/1\/2020\/03\/19\/brasil-tem-372-casos-confirmados-do-novo-coronavirus-em-19-estados\/","title":{"rendered":"Brasil tem 372 casos confirmados do novo coronav\u00edrus em 19 estados"},"content":{"rendered":"\n<p>As secretarias estaduais de Sa\u00fade divulgaram, at\u00e9 as 15h20 desta quarta-feira (18), 372 casos confirmados de novo coronav\u00edrus (Sars-Cov-2) no Brasil em 19 estados e no Distrito Federal. Em S\u00e3o Paulo, foi registrada a 1\u00aa morte pelo coronav\u00edrus no Brasil, confirmada na ter\u00e7a-feira (17) pelo governo estadual.&nbsp;<\/p>\n\n\n\n<p>A v\u00edtima \u00e9 um homem de 62 anos que estava internado em um hospital particular da capital paulista. Ele tinha diabetes e hipertens\u00e3o.<br><\/p>\n\n\n\n<p>O \u00faltimo balan\u00e7o do Minist\u00e9rio da Sa\u00fade, divulgado na tarde de ter\u00e7a-feira (18), contabiliza 291 infectados.<\/p>\n\n\n\n<p><strong>LEIA MAIS<\/strong>:&nbsp;<a href=\"https:\/\/www.clickpb.com.br\/brasil\/em-sao-paulo-operadora-de-saude-confirma-mais-duas-mortes-por-coronavirus-280246.html\">Em S\u00e3o Paulo, operadora de sa\u00fade confirma mais duas mortes por coronav\u00edrus<\/a><br><\/p>\n\n\n\n<p>Nesta quarta, a secretaria de Sa\u00fade de Goi\u00e1s confirmou 12 casos do coronav\u00edrus, e a da Bahia anunciou o 18\u00b0 infectado. O governo de Tocantins confirmou o primeiro caso no estado e o Rio de Janeiro confirmou em coletiva que s\u00e3o 49 casos at\u00e9 o momento. O Par\u00e1 registrou o primeiro caso de infec\u00e7\u00e3o por coronav\u00edrus. O Amazonas registrou o segundo caso.<\/p>\n\n\n\n<p><strong>LEIA MAIS<\/strong>:&nbsp;<a href=\"https:\/\/www.clickpb.com.br\/saude\/mulher-com-caso-suspeito-de-coronavirus-morre-em-joao-pessoa-280244.html\">Mulher com caso suspeito de coronav\u00edrus morre em Jo\u00e3o Pessoa<\/a><br><\/p>\n\n\n\n<p>Al\u00e9m dos casos confirmados, o Minist\u00e9rio da Sa\u00fade contabilizava na ter\u00e7a-feira:<\/p>\n\n\n\n<ul class=\"wp-block-list\"><li>8.819 casos suspeitos<\/li><li>1.890 casos descartados<\/li><li>18 pessoas est\u00e3o hospitalizadas (7% do total)<\/li><li>Brasil contraria OMS e s\u00f3 faz testes nos casos graves<\/li><\/ul>\n\n\n\n<p>O secret\u00e1rio-executivo do Minist\u00e9rio da Sa\u00fade, Jo\u00e3o Gabbardo, afirmou que n\u00e3o mudar\u00e1 agora o crit\u00e9rio adotado na fase de mitiga\u00e7\u00e3o, e s\u00f3 as pessoas com casos graves ser\u00e3o testadas.<br><\/p>\n\n\n\n<p>A Organiza\u00e7\u00e3o Mundial da Sa\u00fade (OMS) recomendou, na \u00faltima sexta-feira (13), que os pa\u00edses apliquem testes em massa para descobrir quem est\u00e1 infectado e isolar esses pacientes para &#8220;achatar a curva&#8221; da dissemina\u00e7\u00e3o da doen\u00e7a Covid-19.<\/p>\n\n\n\n<p>O governo federal, que disse ter comprado kits da Fiocruz para 30 mil testes nos laborat\u00f3rios p\u00fablicos, disse que o objetivo da medida \u00e9 economizar testes para as pessoas com complica\u00e7\u00f5es.<\/p>\n\n\n\n<p><strong>LEIA MAIS<\/strong>:&nbsp;<a href=\"https:\/\/www.clickpb.com.br\/saude\/sobe-para-65-o-numero-de-casos-suspeitos-de-coronavirus-na-paraiba-280249.html\">Sobe para 65 o n\u00famero de casos suspeitos de coronav\u00edrus na Para\u00edba<\/a><br><\/p>\n\n\n\n<p><strong>Situa\u00e7\u00e3o no mundo<\/strong><br><\/p>\n\n\n\n<p>Os n\u00fameros de casos e de mortes por Covid-19 fora do territ\u00f3rio chin\u00eas j\u00e1 ultrapassaram os registrados na pr\u00f3pria China, afirmou o diretor-geral da Organiza\u00e7\u00e3o Mundial de Sa\u00fade (OMS), Tedros Adhanom Ghebreyesus, na segunda-feira (16).<\/p>\n\n\n\n<p>Segundo monitoramento da Universidade Johns Hopkins, nos Estados Unidos, foram registradas, em todo o mundo, 7.955 mortes pela doen\u00e7a. Dessas, mais de 3.200 ocorreram na China.<\/p>\n","protected":false},"excerpt":{"rendered":"<p>As secretarias estaduais de Sa\u00fade divulgaram, at\u00e9 as 15h20 desta quarta-feira (18), 372 casos confirmados de novo coronav\u00edrus (Sars-Cov-2) no Brasil em 19 estados e&hellip; <\/p>\n","protected":false},"author":2,"featured_media":158834,"comment_status":"closed","ping_status":"closed","sticky":false,"template":"","format":"standard","meta":{"sfsi_plus_gutenberg_text_before_share":"","sfsi_plus_gutenberg_show_text_before_share":"","sfsi_plus_gutenberg_icon_type":"","sfsi_plus_gutenberg_icon_alignemt":"","sfsi_plus_gutenburg_max_per_row":"","footnotes":""},"categories":[2],"tags":[],"class_list":["post-158833","post","type-post","status-publish","format-standard","has-post-thumbnail","hentry","category-geral"],"_links":{"self":[{"href":"https:\/\/www.caririemacao.com\/1\/wp-json\/wp\/v2\/posts\/158833","targetHints":{"allow":["GET"]}}],"collection":[{"href":"https:\/\/www.caririemacao.com\/1\/wp-json\/wp\/v2\/posts"}],"about":[{"href":"https:\/\/www.caririemacao.com\/1\/wp-json\/wp\/v2\/types\/post"}],"author":[{"embeddable":true,"href":"https:\/\/www.caririemacao.com\/1\/wp-json\/wp\/v2\/users\/2"}],"replies":[{"embeddable":true,"href":"https:\/\/www.caririemacao.com\/1\/wp-json\/wp\/v2\/comments?post=158833"}],"version-history":[{"count":1,"href":"https:\/\/www.caririemacao.com\/1\/wp-json\/wp\/v2\/posts\/158833\/revisions"}],"predecessor-version":[{"id":158835,"href":"https:\/\/www.caririemacao.com\/1\/wp-json\/wp\/v2\/posts\/158833\/revisions\/158835"}],"wp:featuredmedia":[{"embeddable":true,"href":"https:\/\/www.caririemacao.com\/1\/wp-json\/wp\/v2\/media\/158834"}],"wp:attachment":[{"href":"https:\/\/www.caririemacao.com\/1\/wp-json\/wp\/v2\/media?parent=158833"}],"wp:term":[{"taxonomy":"category","embeddable":true,"href":"https:\/\/www.caririemacao.com\/1\/wp-json\/wp\/v2\/categories?post=158833"},{"taxonomy":"post_tag","embeddable":true,"href":"https:\/\/www.caririemacao.com\/1\/wp-json\/wp\/v2\/tags?post=158833"}],"curies":[{"name":"wp","href":"https:\/\/api.w.org\/{rel}","templated":true}]}}