{"id":158843,"date":"2020-03-19T06:26:07","date_gmt":"2020-03-19T09:26:07","guid":{"rendered":"http:\/\/www.caririemacao.com\/1\/?p=158843"},"modified":"2020-03-19T06:26:09","modified_gmt":"2020-03-19T09:26:09","slug":"petrobras-reduz-gasolina-em-12-e-diesel-em-75-a-partir-de-quinta-feira","status":"publish","type":"post","link":"https:\/\/www.caririemacao.com\/1\/2020\/03\/19\/petrobras-reduz-gasolina-em-12-e-diesel-em-75-a-partir-de-quinta-feira\/","title":{"rendered":"Petrobras reduz gasolina em 12% e diesel em 7,5% a partir de quinta-feira"},"content":{"rendered":"\n<p>A Petrobras reduzir\u00e1 o pre\u00e7o m\u00e9dio da gasolina em suas refinarias em 12% e o do diesel em 7,5% a partir de quinta-feira, informou a petroleira \u00e0 Reuters, em meio a um mergulho das cota\u00e7\u00f5es do petr\u00f3leo e derivados por impactos da expans\u00e3o do coronav\u00edrus e de uma guerra de pre\u00e7os entre grandes produtores.<\/p>\n\n\n\n<p>Com os novos cortes, a queda acumulada de ambos os combust\u00edveis da Petrobras \u2014respons\u00e1vel por quase 100% da capacidade de refino do pa\u00eds \u2014&nbsp;somar\u00e1 cerca de 30% em 2020, de acordo com informa\u00e7\u00f5es da petroleira estatal e c\u00e1lculos da Reuters.<\/p>\n\n\n\n<p>Os pre\u00e7os do petr\u00f3leo Brent j\u00e1 ca\u00edram mais de 60% neste ano, sendo negociados nesta quarta-feira a cerca de 25 d\u00f3lares o barril, com a redu\u00e7\u00e3o da demanda devido ao coronav\u00edrus e uma press\u00e3o da Ar\u00e1bia Saudita para aumentar a produ\u00e7\u00e3o ap\u00f3s o colapso de um acordo entre a Organiza\u00e7\u00e3o dos Pa\u00edses Exportadores de Petr\u00f3leo (Opep) e aliados para conter a oferta.<\/p>\n\n\n\n<p>No \u00faltimo ajuste, a petroleira estatal reduziu o pre\u00e7o da gasolina em 9,5% e o do diesel em 6,5%, em 13 de mar\u00e7o.<\/p>\n\n\n\n<p>O chefe da \u00e1rea de \u00f3leo e g\u00e1s da consultoria INTL FCStone, Thadeu Silva, pontuou que a janela de importa\u00e7\u00e3o segue aberta, mesmo ap\u00f3s o ajuste da petroleira.<\/p>\n\n\n\n<p>&#8220;Segue a estrat\u00e9gia de suavizar os movimentos do mercado internacional, repassando aos poucos a queda, o que preserva a margem e evita novos reajustes no caso de uma retomada&#8221;, afirmou o especialista.<\/p>\n\n\n\n<p>Os cortes de pre\u00e7os da petroleira estatal refletem a pol\u00edtica que segue o princ\u00edpio da paridade de importa\u00e7\u00e3o, que leva em conta pre\u00e7os no mercado internacional mais os custos de importadores, como transporte e taxas portu\u00e1rias, com impacto tamb\u00e9m do c\u00e2mbio.<\/p>\n\n\n\n<p>O repasse de ajustes dos combust\u00edveis nas refinarias para o consumidor final nos postos n\u00e3o \u00e9 imediato e depende de diversos fatores, como consumo de estoques, impostos, margens de distribui\u00e7\u00e3o e revenda e mistura de biocombust\u00edveis.<\/p>\n","protected":false},"excerpt":{"rendered":"<p>A Petrobras reduzir\u00e1 o pre\u00e7o m\u00e9dio da gasolina em suas refinarias em 12% e o do diesel em 7,5% a partir de quinta-feira, informou a&hellip; <\/p>\n","protected":false},"author":2,"featured_media":158844,"comment_status":"closed","ping_status":"closed","sticky":false,"template":"","format":"standard","meta":{"sfsi_plus_gutenberg_text_before_share":"","sfsi_plus_gutenberg_show_text_before_share":"","sfsi_plus_gutenberg_icon_type":"","sfsi_plus_gutenberg_icon_alignemt":"","sfsi_plus_gutenburg_max_per_row":"","footnotes":""},"categories":[2],"tags":[],"class_list":["post-158843","post","type-post","status-publish","format-standard","has-post-thumbnail","hentry","category-geral"],"_links":{"self":[{"href":"https:\/\/www.caririemacao.com\/1\/wp-json\/wp\/v2\/posts\/158843","targetHints":{"allow":["GET"]}}],"collection":[{"href":"https:\/\/www.caririemacao.com\/1\/wp-json\/wp\/v2\/posts"}],"about":[{"href":"https:\/\/www.caririemacao.com\/1\/wp-json\/wp\/v2\/types\/post"}],"author":[{"embeddable":true,"href":"https:\/\/www.caririemacao.com\/1\/wp-json\/wp\/v2\/users\/2"}],"replies":[{"embeddable":true,"href":"https:\/\/www.caririemacao.com\/1\/wp-json\/wp\/v2\/comments?post=158843"}],"version-history":[{"count":1,"href":"https:\/\/www.caririemacao.com\/1\/wp-json\/wp\/v2\/posts\/158843\/revisions"}],"predecessor-version":[{"id":158845,"href":"https:\/\/www.caririemacao.com\/1\/wp-json\/wp\/v2\/posts\/158843\/revisions\/158845"}],"wp:featuredmedia":[{"embeddable":true,"href":"https:\/\/www.caririemacao.com\/1\/wp-json\/wp\/v2\/media\/158844"}],"wp:attachment":[{"href":"https:\/\/www.caririemacao.com\/1\/wp-json\/wp\/v2\/media?parent=158843"}],"wp:term":[{"taxonomy":"category","embeddable":true,"href":"https:\/\/www.caririemacao.com\/1\/wp-json\/wp\/v2\/categories?post=158843"},{"taxonomy":"post_tag","embeddable":true,"href":"https:\/\/www.caririemacao.com\/1\/wp-json\/wp\/v2\/tags?post=158843"}],"curies":[{"name":"wp","href":"https:\/\/api.w.org\/{rel}","templated":true}]}}