{"id":158850,"date":"2020-03-19T06:36:04","date_gmt":"2020-03-19T09:36:04","guid":{"rendered":"http:\/\/www.caririemacao.com\/1\/?p=158850"},"modified":"2020-03-19T06:36:06","modified_gmt":"2020-03-19T09:36:06","slug":"procon-notifica-farmacia-por-vender-mascaras-de-protecao-a-r-4990-em-campina-grande","status":"publish","type":"post","link":"https:\/\/www.caririemacao.com\/1\/2020\/03\/19\/procon-notifica-farmacia-por-vender-mascaras-de-protecao-a-r-4990-em-campina-grande\/","title":{"rendered":"Procon notifica farm\u00e1cia por vender m\u00e1scaras de prote\u00e7\u00e3o a R$ 49,90 em Campina Grande"},"content":{"rendered":"\n<p>O Programa de Prote\u00e7\u00e3o e Defesa do Consumidor (Procon) de Campina Grande, nesta quarta-feira (18), notificou uma farm\u00e1cia localizada no Centro da cidade por vender m\u00e1scaras de prote\u00e7\u00e3o por um pre\u00e7o injustificado, informou o Rivaldo Rodrigues, fiscal do Procon Municipal.<\/p>\n\n\n\n<p>Ainda de acordo com Rivaldo, o pre\u00e7o normal do pacote com 50 unidades \u00e9 R$ 15, mas diante da pandemia de Coronav\u00edrus nos \u00faltimos dias, o produto passou a ser comercializado por R$ 49,90. Ele pede a aten\u00e7\u00e3o do consumidor para outros itens como luvas, \u00e1lcool em gel e algod\u00e3o.<\/p>\n\n\n\n<p>Em casos como esse, o Procon pede que a denuncia seja feita por meio do seguinte n\u00famero: 151.<\/p>\n","protected":false},"excerpt":{"rendered":"<p>O Programa de Prote\u00e7\u00e3o e Defesa do Consumidor (Procon) de Campina Grande, nesta quarta-feira (18), notificou uma farm\u00e1cia localizada no Centro da cidade por vender&hellip; <\/p>\n","protected":false},"author":2,"featured_media":158851,"comment_status":"closed","ping_status":"closed","sticky":false,"template":"","format":"standard","meta":{"sfsi_plus_gutenberg_text_before_share":"","sfsi_plus_gutenberg_show_text_before_share":"","sfsi_plus_gutenberg_icon_type":"","sfsi_plus_gutenberg_icon_alignemt":"","sfsi_plus_gutenburg_max_per_row":"","footnotes":""},"categories":[2],"tags":[],"class_list":["post-158850","post","type-post","status-publish","format-standard","has-post-thumbnail","hentry","category-geral"],"_links":{"self":[{"href":"https:\/\/www.caririemacao.com\/1\/wp-json\/wp\/v2\/posts\/158850","targetHints":{"allow":["GET"]}}],"collection":[{"href":"https:\/\/www.caririemacao.com\/1\/wp-json\/wp\/v2\/posts"}],"about":[{"href":"https:\/\/www.caririemacao.com\/1\/wp-json\/wp\/v2\/types\/post"}],"author":[{"embeddable":true,"href":"https:\/\/www.caririemacao.com\/1\/wp-json\/wp\/v2\/users\/2"}],"replies":[{"embeddable":true,"href":"https:\/\/www.caririemacao.com\/1\/wp-json\/wp\/v2\/comments?post=158850"}],"version-history":[{"count":1,"href":"https:\/\/www.caririemacao.com\/1\/wp-json\/wp\/v2\/posts\/158850\/revisions"}],"predecessor-version":[{"id":158852,"href":"https:\/\/www.caririemacao.com\/1\/wp-json\/wp\/v2\/posts\/158850\/revisions\/158852"}],"wp:featuredmedia":[{"embeddable":true,"href":"https:\/\/www.caririemacao.com\/1\/wp-json\/wp\/v2\/media\/158851"}],"wp:attachment":[{"href":"https:\/\/www.caririemacao.com\/1\/wp-json\/wp\/v2\/media?parent=158850"}],"wp:term":[{"taxonomy":"category","embeddable":true,"href":"https:\/\/www.caririemacao.com\/1\/wp-json\/wp\/v2\/categories?post=158850"},{"taxonomy":"post_tag","embeddable":true,"href":"https:\/\/www.caririemacao.com\/1\/wp-json\/wp\/v2\/tags?post=158850"}],"curies":[{"name":"wp","href":"https:\/\/api.w.org\/{rel}","templated":true}]}}