{"id":158856,"date":"2020-03-19T06:39:54","date_gmt":"2020-03-19T09:39:54","guid":{"rendered":"http:\/\/www.caririemacao.com\/1\/?p=158856"},"modified":"2020-03-19T06:39:56","modified_gmt":"2020-03-19T09:39:56","slug":"prefeito-celio-barbosa-decreta-emergencia-suspende-aulas-e-programas-sociais-e-proibe-eventos-publicos","status":"publish","type":"post","link":"https:\/\/www.caririemacao.com\/1\/2020\/03\/19\/prefeito-celio-barbosa-decreta-emergencia-suspende-aulas-e-programas-sociais-e-proibe-eventos-publicos\/","title":{"rendered":"Prefeito C\u00e9lio Barbosa decreta emerg\u00eancia, suspende aulas e programas sociais e pro\u00edbe eventos p\u00fablicos"},"content":{"rendered":"\n<p>\u00a0A prefeitura municipal de S\u00e3o Jo\u00e3o do Tigre, atrav\u00e9s do prefeito C\u00e9lio Barbosa, publicou nesta quarta-feira (18) um decreto contendo medidas de enfrentamento ao coronav\u00edrus no \u00e2mbito do munic\u00edpio. Entre as medidas adotadas est\u00e3o a antecipa\u00e7\u00e3o das f\u00e9rias escolares para as institui\u00e7\u00f5es p\u00fablicas municipais, suspens\u00e3o de eventos com p\u00fablico superior a 50 pessoas e de atividades coletivas em ambientes fechados, assim como programas da Assist\u00eancia Social.<\/p>\n\n\n\n<p>De acordo com o decreto, os alunos da rede municipal t\u00eam suas f\u00e9rias de julho antecipadas, com in\u00edcio para este dia 19 de mar\u00e7o. As escolas da rede particular tamb\u00e9m devem suspender as aulas.<\/p>\n\n\n\n<p>Os servi\u00e7os da Assist\u00eancia Social tamb\u00e9m est\u00e3o suspensos, como ainda o transporte universit\u00e1rio e para estudantes de outros centros.<\/p>\n\n\n\n<p>A Secretaria de Sa\u00fade suspendeu ainda os atendimentos de sa\u00fade bucal e o transporte para tratamento fora de domic\u00edlio, para pacientes com exames e consultas eletivas.<\/p>\n\n\n\n<p>Os bares e restaurantes, segundo o decreto da Prefeitura de S\u00e3o Jo\u00e3o do Tigre, dever\u00e3o observar a organiza\u00e7\u00e3o de suas mesas com dist\u00e2ncia m\u00ednima de 1 metro entre elas, e os eventos esportivos s\u00f3 podem ocorrer com port\u00f5es fechados.<\/p>\n\n\n\n<p>Os servidores p\u00fablicos que apresentem quadros anormais de sa\u00fade ou que tenham feito viagem internacional ou para Estados com transmiss\u00e3o comunit\u00e1ria podem realizar seus trabalhos de casa.<\/p>\n\n\n\n<p>O governo municipal de S\u00e3o Jo\u00e3o do Tigre atrav\u00e9s do decreto municipal, criou um Comit\u00ea Municipal de Avalia\u00e7\u00e3o da Situa\u00e7\u00e3o Emergencial (CAMSE Covide-19), que avaliar\u00e1 permanentemente a situa\u00e7\u00e3o dos casos do covid-19 no \u00e2mbito do munic\u00edpio, al\u00e9m de emitir boletim informativo sempre que julgar necess\u00e1rio, divulgando a situa\u00e7\u00e3o da sa\u00fade do munic\u00edpio.<\/p>\n\n\n\n<p>O descumprimento das medidas decretadas pode gerar a responsabiliza\u00e7\u00e3o nos termos previstos na lei.<\/p>\n","protected":false},"excerpt":{"rendered":"<p>\u00a0A prefeitura municipal de S\u00e3o Jo\u00e3o do Tigre, atrav\u00e9s do prefeito C\u00e9lio Barbosa, publicou nesta quarta-feira (18) um decreto contendo medidas de enfrentamento ao coronav\u00edrus&hellip; <\/p>\n","protected":false},"author":2,"featured_media":158857,"comment_status":"closed","ping_status":"closed","sticky":false,"template":"","format":"standard","meta":{"sfsi_plus_gutenberg_text_before_share":"","sfsi_plus_gutenberg_show_text_before_share":"","sfsi_plus_gutenberg_icon_type":"","sfsi_plus_gutenberg_icon_alignemt":"","sfsi_plus_gutenburg_max_per_row":"","footnotes":""},"categories":[50,2],"tags":[],"class_list":["post-158856","post","type-post","status-publish","format-standard","has-post-thumbnail","hentry","category-destaque","category-geral"],"_links":{"self":[{"href":"https:\/\/www.caririemacao.com\/1\/wp-json\/wp\/v2\/posts\/158856","targetHints":{"allow":["GET"]}}],"collection":[{"href":"https:\/\/www.caririemacao.com\/1\/wp-json\/wp\/v2\/posts"}],"about":[{"href":"https:\/\/www.caririemacao.com\/1\/wp-json\/wp\/v2\/types\/post"}],"author":[{"embeddable":true,"href":"https:\/\/www.caririemacao.com\/1\/wp-json\/wp\/v2\/users\/2"}],"replies":[{"embeddable":true,"href":"https:\/\/www.caririemacao.com\/1\/wp-json\/wp\/v2\/comments?post=158856"}],"version-history":[{"count":1,"href":"https:\/\/www.caririemacao.com\/1\/wp-json\/wp\/v2\/posts\/158856\/revisions"}],"predecessor-version":[{"id":158858,"href":"https:\/\/www.caririemacao.com\/1\/wp-json\/wp\/v2\/posts\/158856\/revisions\/158858"}],"wp:featuredmedia":[{"embeddable":true,"href":"https:\/\/www.caririemacao.com\/1\/wp-json\/wp\/v2\/media\/158857"}],"wp:attachment":[{"href":"https:\/\/www.caririemacao.com\/1\/wp-json\/wp\/v2\/media?parent=158856"}],"wp:term":[{"taxonomy":"category","embeddable":true,"href":"https:\/\/www.caririemacao.com\/1\/wp-json\/wp\/v2\/categories?post=158856"},{"taxonomy":"post_tag","embeddable":true,"href":"https:\/\/www.caririemacao.com\/1\/wp-json\/wp\/v2\/tags?post=158856"}],"curies":[{"name":"wp","href":"https:\/\/api.w.org\/{rel}","templated":true}]}}