{"id":158863,"date":"2020-03-19T06:43:42","date_gmt":"2020-03-19T09:43:42","guid":{"rendered":"http:\/\/www.caririemacao.com\/1\/?p=158863"},"modified":"2020-03-19T06:43:44","modified_gmt":"2020-03-19T09:43:44","slug":"bolsonaro-diz-que-situacao-e-grave-mas-nao-deve-haver-panico","status":"publish","type":"post","link":"https:\/\/www.caririemacao.com\/1\/2020\/03\/19\/bolsonaro-diz-que-situacao-e-grave-mas-nao-deve-haver-panico\/","title":{"rendered":"Bolsonaro diz que situa\u00e7\u00e3o \u00e9 grave, mas n\u00e3o deve haver p\u00e2nico"},"content":{"rendered":"\n<p>O presidente Jair Bolsonaro disse&nbsp;nesta&nbsp;quarta-feira (18) que a dissemina\u00e7\u00e3o do novo coronav\u00edrus (Covid-19) no Brasil preocupa o governo, mas pediu o empenho da&nbsp;popula\u00e7\u00e3o para seguir as orienta\u00e7\u00f5es das autoridades e evitar o clima de p\u00e2nico no pa\u00eds.&nbsp;<\/p>\n\n\n\n<p>&#8220;Primeiro, tamb\u00e9m diria que o p\u00e2nico n\u00e3o leva a lugar nenhum. Repito que o momento \u00e9 de grande preocupa\u00e7\u00e3o, \u00e9 de grande gravidade, mas devemos evitar que esse clima&nbsp;chegue a n\u00f3s, adotando essas medidas&#8221;, afirmou durante coletiva de imprensa, no Pal\u00e1cio do Planalto, ao lado de oito ministros. Todos estavam usando m\u00e1scaras de sa\u00fade.&nbsp;&nbsp;<\/p>\n\n\n\n<p>&#8220;Teremos dias dif\u00edceis, dias duros pela frente. Agora, ser\u00e3o menos dif\u00edceis se cada um de voc\u00eas se preocupar consigo, com seus parentes e com os seus amigos. Somente&nbsp;dessa forma, seguindo os preceitos ditados pelo Minist\u00e9rio da Sa\u00fade, como, em primeiro lugar, medidas b\u00e1sicas de higiene, n\u00f3s podemos alongar a curva da infec\u00e7\u00e3o, e de&nbsp;modo que n\u00f3s, Poder Executivo, atrav\u00e9s dos nossos meios, hospitais e demais \u00f3rg\u00e3os de sa\u00fade, atender aqueles que necessitarem, e atender com qualidade&#8221;, acrescentou.&nbsp;<\/p>\n\n\n\n<p>De acordo com a \u00faltima atualiza\u00e7\u00e3o do Minist\u00e9rio da Sa\u00fade, o Brasil tem 291 casos confirmados da doen\u00e7a e 8,8 mil em investiga\u00e7\u00e3o. Tr\u00eas pessoas morreram.<\/p>\n\n\n\n<p>Assim como o presidente, o ministro da Sa\u00fade, Luiz Henrique Mandetta, disse que \u00e9 preciso&nbsp;ter&nbsp;cautela com medidas que resultem no fechamento total do pa\u00eds, o que, segundo ele, pode criar outros problemas.&nbsp;&nbsp;<\/p>\n\n\n\n<p>&#8220;\u00c9 muito f\u00e1cil falar: &#8216;fecha tudo e n\u00e3o deixe ningu\u00e9m sair&#8217;, quando as pessoas t\u00eam ainda muita informalidade, pouco recurso. Precisa ser criado planos de alternativa econ\u00f4mica e eu preciso muito da equipe do Paulo Guedes. Esses fechamentos de estrada, que alguns governadores insinuam, essa log\u00edstica \u00e9 de interesse nacional, n\u00e3o adianta fechar tudo e falta o frango que est\u00e1 pronto para chegar, porque da\u00ed voc\u00ea segura uma coisa e desabastece outra&#8221;, disse.<\/p>\n\n\n\n<p>Durante a coletiva, o ministro Paulo Guedes anunciou que o governo&nbsp;<a href=\"https:\/\/agenciabrasil.ebc.com.br\/economia\/noticia\/2020-03\/voucher-para-trabalhador-informal-vai-durar-tres-meses-diz-guedes\" target=\"_blank\" rel=\"noreferrer noopener\">distribuir\u00e1&nbsp;vouchers<\/a>&nbsp;(cupons) por tr\u00eas meses para proteger os trabalhadores informais, as pessoas sem assist\u00eancia social e a popula\u00e7\u00e3o que desistiu de procurar emprego. A medida consumir\u00e1 R$ 15 bilh\u00f5es, sendo R$ 5 bilh\u00f5es por m\u00eas.&nbsp;<\/p>\n\n\n\n<p>O governo tamb\u00e9m&nbsp;<a href=\"https:\/\/agenciabrasil.ebc.com.br\/politica\/noticia\/2020-03\/unidades-do-minha-casa-minha-vida-podem-ser-usadas-para-isolamento\" target=\"_blank\" rel=\"noreferrer noopener\">anunciou que im\u00f3veis<\/a>&nbsp;do programa habitacional Minha Casa Minha Vida, ainda desocupados, ser\u00e3o reservados para abrigar pacientes que precisem ficar isolados por causa do novo coronav\u00edrus.&nbsp;<\/p>\n\n\n\n<p>Outra&nbsp;<a href=\"https:\/\/agenciabrasil.ebc.com.br\/politica\/noticia\/2020-03\/governo-anuncia-mais-medidas-para-reduzir-impacto-do-covid-19\" target=\"_blank\" rel=\"noreferrer noopener\">medida em andamento<\/a>, segundo o ministro Luiz Henrique Mandetta, \u00e9 a disponibiliza\u00e7\u00e3o de um sistema de teleatendimento em sa\u00fade para a popula\u00e7\u00e3o para responder d\u00favidas e dar orienta\u00e7\u00f5es sobre o novo coronav\u00edrus (Covid-19).<\/p>\n\n\n\n<p>O ministro da Infraestrutura, Tarc\u00edsio Freitas, anunciou medidas para socorrer as empresas a\u00e9reas, que tiveram mais de 50% de redu\u00e7\u00e3o da demanda, por conta dos fechamentos de fronteiras e cancelamentos de voos&nbsp;dom\u00e9sticos e internacionais.&nbsp;&nbsp;<\/p>\n","protected":false},"excerpt":{"rendered":"<p>O presidente Jair Bolsonaro disse&nbsp;nesta&nbsp;quarta-feira (18) que a dissemina\u00e7\u00e3o do novo coronav\u00edrus (Covid-19) no Brasil preocupa o governo, mas pediu o empenho da&nbsp;popula\u00e7\u00e3o para seguir&hellip; <\/p>\n","protected":false},"author":2,"featured_media":158864,"comment_status":"closed","ping_status":"closed","sticky":false,"template":"","format":"standard","meta":{"sfsi_plus_gutenberg_text_before_share":"","sfsi_plus_gutenberg_show_text_before_share":"","sfsi_plus_gutenberg_icon_type":"","sfsi_plus_gutenberg_icon_alignemt":"","sfsi_plus_gutenburg_max_per_row":"","footnotes":""},"categories":[11],"tags":[],"class_list":["post-158863","post","type-post","status-publish","format-standard","has-post-thumbnail","hentry","category-politica"],"_links":{"self":[{"href":"https:\/\/www.caririemacao.com\/1\/wp-json\/wp\/v2\/posts\/158863","targetHints":{"allow":["GET"]}}],"collection":[{"href":"https:\/\/www.caririemacao.com\/1\/wp-json\/wp\/v2\/posts"}],"about":[{"href":"https:\/\/www.caririemacao.com\/1\/wp-json\/wp\/v2\/types\/post"}],"author":[{"embeddable":true,"href":"https:\/\/www.caririemacao.com\/1\/wp-json\/wp\/v2\/users\/2"}],"replies":[{"embeddable":true,"href":"https:\/\/www.caririemacao.com\/1\/wp-json\/wp\/v2\/comments?post=158863"}],"version-history":[{"count":1,"href":"https:\/\/www.caririemacao.com\/1\/wp-json\/wp\/v2\/posts\/158863\/revisions"}],"predecessor-version":[{"id":158865,"href":"https:\/\/www.caririemacao.com\/1\/wp-json\/wp\/v2\/posts\/158863\/revisions\/158865"}],"wp:featuredmedia":[{"embeddable":true,"href":"https:\/\/www.caririemacao.com\/1\/wp-json\/wp\/v2\/media\/158864"}],"wp:attachment":[{"href":"https:\/\/www.caririemacao.com\/1\/wp-json\/wp\/v2\/media?parent=158863"}],"wp:term":[{"taxonomy":"category","embeddable":true,"href":"https:\/\/www.caririemacao.com\/1\/wp-json\/wp\/v2\/categories?post=158863"},{"taxonomy":"post_tag","embeddable":true,"href":"https:\/\/www.caririemacao.com\/1\/wp-json\/wp\/v2\/tags?post=158863"}],"curies":[{"name":"wp","href":"https:\/\/api.w.org\/{rel}","templated":true}]}}