{"id":158867,"date":"2020-03-19T06:45:13","date_gmt":"2020-03-19T09:45:13","guid":{"rendered":"http:\/\/www.caririemacao.com\/1\/?p=158867"},"modified":"2020-03-19T06:46:39","modified_gmt":"2020-03-19T09:46:39","slug":"unidades-do-minha-casa-minha-vida-podem-ser-usadas-para-isolamento","status":"publish","type":"post","link":"https:\/\/www.caririemacao.com\/1\/2020\/03\/19\/unidades-do-minha-casa-minha-vida-podem-ser-usadas-para-isolamento\/","title":{"rendered":"Unidades do Minha Casa Minha Vida podem ser usadas para isolamento"},"content":{"rendered":"\n<p>O ministro do Desenvolvimento Regional, Rog\u00e9rio Marinho, afirmou hoje (18) que im\u00f3veis do programa habitacional Minha Casa Minha Vida ainda desocupados ser\u00e3o reservados para abrigar pacientes que precisem ficar isolados por causa do novo coronav\u00edrus. O an\u00fancio foi feito durante&nbsp;<a href=\"https:\/\/agenciabrasil.ebc.com.br\/politica\/noticia\/2020-03\/governo-anuncia-mais-medidas-para-reduzir-impacto-do-covid-19\" target=\"_blank\" rel=\"noreferrer noopener\">coletiva de imprensa do presidente da Rep\u00fablica<\/a>, Jair Bolsonaro, e oito de seus ministros.&nbsp;<\/p>\n\n\n\n<p>&#8220;Fomos instados a colocar \u00e0 disposi\u00e7\u00e3o, para eventualidades, unidades habitacionais do Minha Casa Minha Vida, se precisar deixar pessoas em quarentena fora da estrutura dos hospitais&#8221;, explicou o ministro. O objetivo das autoridades \u00e9 evitar a superlota\u00e7\u00e3o de hospitais e unidades de sa\u00fade, caso o n\u00famero de pessoas infectadas seja muito grande.&nbsp;<\/p>\n\n\n\n<p>Al\u00e9m disso, a pasta colocou \u00e0 disposi\u00e7\u00e3o do Minist\u00e9rio da Sa\u00fade o sistema de envio de mensagens de celular (SMS) e via TV digital utilizado pela Defesa Civil para alertar a popula\u00e7\u00e3o em casos de cat\u00e1strofes. A ideia \u00e9 que sejam enviadas mensagens com orienta\u00e7\u00f5es sanit\u00e1rias para conter a propaga\u00e7\u00e3o do v\u00edrus.&nbsp;<\/p>\n\n\n\n<p>&#8220;S\u00e3o 26 milh\u00f5es de usu\u00e1rios cadastrados em todo o Brasil, que ser\u00e3o municiados com informa\u00e7\u00f5es do Minist\u00e9rio da Sa\u00fade, em rela\u00e7\u00e3o ao tema em quest\u00e3o, inclusive com orienta\u00e7\u00f5es profil\u00e1ticas, que v\u00e3o permitir que a popula\u00e7\u00e3o possa ser parametrizada em rela\u00e7\u00e3o \u00e0s principais a\u00e7\u00f5es que possam ser exercidas para evitar a propaga\u00e7\u00e3o da doen\u00e7a&#8221;, disse Marinho.<\/p>\n\n\n\n<h2 class=\"wp-block-heading\">Companhias a\u00e9reas<\/h2>\n\n\n\n<p>O governo tamb\u00e9m manifestou preocupa\u00e7\u00e3o com a situa\u00e7\u00e3o das companhias a\u00e9reas. De acordo com o setor, a&nbsp;<a href=\"https:\/\/agenciabrasil.ebc.com.br\/geral\/noticia\/2020-03\/aereas-registram-queda-de-85-em-viagens-internacionais-diz-abear\" target=\"_blank\" rel=\"noreferrer noopener\">queda do n\u00famero de voos<\/a>&nbsp;internacionais chegou a 85%, enquanto a demanda dom\u00e9stica caiu 50%. Durante a coletiva de imprensa do governo, o ministro da Infraestrutura, Tarc\u00edsio Freitas citou as medidas que foram adotadas, entre elas a posterga\u00e7\u00e3o do recolhimento de tarifas de navega\u00e7\u00e3o a\u00e9rea e do pagamento das outorgas aeroportu\u00e1rias, que s\u00e3o as parcelas pagas ao governo na privatiza\u00e7\u00e3o dos aeroportos. Outra medida \u00e9 a prorroga\u00e7\u00e3o das obriga\u00e7\u00f5es de reembolso de passagens em dinheiro.&nbsp;<\/p>\n\n\n\n<p>&#8220;Caiu absurdamente a quantidade demandada, tanto no internacional, quanto no dom\u00e9stico. As empresas t\u00eam custo em d\u00f3lar, dificuldade de caixa, e algumas medidas est\u00e3o sendo tomadas para preservar o caixa das empresas&#8221;, disse Freitas.<\/p>\n\n\n\n<p>Ele tamb\u00e9m falou em adotar prazo maior para renova\u00e7\u00e3o da validade de documentos como a Carteira Nacional de Habilita\u00e7\u00e3o (CNH), j\u00e1 que os atendimentos de consulta e procedimentos presenciais de renova\u00e7\u00e3o est\u00e3o sendo suspensos nos estados.&nbsp;<\/p>\n","protected":false},"excerpt":{"rendered":"<p>O ministro do Desenvolvimento Regional, Rog\u00e9rio Marinho, afirmou hoje (18) que im\u00f3veis do programa habitacional Minha Casa Minha Vida ainda desocupados ser\u00e3o reservados para abrigar&hellip; <\/p>\n","protected":false},"author":2,"featured_media":11770,"comment_status":"closed","ping_status":"closed","sticky":false,"template":"","format":"standard","meta":{"sfsi_plus_gutenberg_text_before_share":"","sfsi_plus_gutenberg_show_text_before_share":"","sfsi_plus_gutenberg_icon_type":"","sfsi_plus_gutenberg_icon_alignemt":"","sfsi_plus_gutenburg_max_per_row":"","footnotes":""},"categories":[2],"tags":[],"class_list":["post-158867","post","type-post","status-publish","format-standard","has-post-thumbnail","hentry","category-geral"],"_links":{"self":[{"href":"https:\/\/www.caririemacao.com\/1\/wp-json\/wp\/v2\/posts\/158867","targetHints":{"allow":["GET"]}}],"collection":[{"href":"https:\/\/www.caririemacao.com\/1\/wp-json\/wp\/v2\/posts"}],"about":[{"href":"https:\/\/www.caririemacao.com\/1\/wp-json\/wp\/v2\/types\/post"}],"author":[{"embeddable":true,"href":"https:\/\/www.caririemacao.com\/1\/wp-json\/wp\/v2\/users\/2"}],"replies":[{"embeddable":true,"href":"https:\/\/www.caririemacao.com\/1\/wp-json\/wp\/v2\/comments?post=158867"}],"version-history":[{"count":1,"href":"https:\/\/www.caririemacao.com\/1\/wp-json\/wp\/v2\/posts\/158867\/revisions"}],"predecessor-version":[{"id":158869,"href":"https:\/\/www.caririemacao.com\/1\/wp-json\/wp\/v2\/posts\/158867\/revisions\/158869"}],"wp:featuredmedia":[{"embeddable":true,"href":"https:\/\/www.caririemacao.com\/1\/wp-json\/wp\/v2\/media\/11770"}],"wp:attachment":[{"href":"https:\/\/www.caririemacao.com\/1\/wp-json\/wp\/v2\/media?parent=158867"}],"wp:term":[{"taxonomy":"category","embeddable":true,"href":"https:\/\/www.caririemacao.com\/1\/wp-json\/wp\/v2\/categories?post=158867"},{"taxonomy":"post_tag","embeddable":true,"href":"https:\/\/www.caririemacao.com\/1\/wp-json\/wp\/v2\/tags?post=158867"}],"curies":[{"name":"wp","href":"https:\/\/api.w.org\/{rel}","templated":true}]}}