{"id":158874,"date":"2020-03-19T07:10:02","date_gmt":"2020-03-19T10:10:02","guid":{"rendered":"http:\/\/www.caririemacao.com\/1\/?p=158874"},"modified":"2020-03-19T07:10:04","modified_gmt":"2020-03-19T10:10:04","slug":"saude-disponibilizara-teleatendimento-para-tirar-duvidas","status":"publish","type":"post","link":"https:\/\/www.caririemacao.com\/1\/2020\/03\/19\/saude-disponibilizara-teleatendimento-para-tirar-duvidas\/","title":{"rendered":"Sa\u00fade disponibilizar\u00e1 teleatendimento para tirar d\u00favidas"},"content":{"rendered":"\n<p>O Minist\u00e9rio da Sa\u00fade disponibilizar\u00e1 um sistema de teleatendimento para a popula\u00e7\u00e3o para responder d\u00favidas e dar orienta\u00e7\u00f5es sobre o novo coronav\u00edrus (Covid-19). A informa\u00e7\u00e3o foi dada pelo ministro da Sa\u00fade, Luiz Henrique Mandetta, em entrevista coletiva hoje (18) no Pal\u00e1cio do Planalto.<\/p>\n\n\n\n<p>\u201cDeveremos ter uma ferramenta inovadora para que o brasileiro receba chamada e, ao manifestar o risco, o sistema manter o paciente monitorado. Al\u00e9m disso, empregaremos telemedicina de m\u00e9dico para m\u00e9dico\u201d, anunciou Mandetta.<\/p>\n\n\n\n<p>Atualmente, o minist\u00e9rio tem um mecanismo de fornecimento de informa\u00e7\u00f5es pelo n\u00famero 136. O ministro, contudo, n\u00e3o adiantou como o sistema de teleatendimento funcionar\u00e1, o que dever\u00e1 ser detalhado at\u00e9 o fim desta semana.<\/p>\n\n\n\n<h2 class=\"wp-block-heading\">Testes<\/h2>\n\n\n\n<p>O ministro Mandetta tamb\u00e9m informou que os laborat\u00f3rios centrais nas 27 unidades da federa\u00e7\u00e3o foram capacitados para realizar os testes. E que agora n\u00e3o ser\u00e1 necess\u00e1rio remeter amostras para outros estados, o que deve acelerar os resultados.<\/p>\n\n\n\n<p>Diante das orienta\u00e7\u00f5es da Organiza\u00e7\u00e3o Mundial da Sa\u00fade de testar todos os suspeitos, o ministro explicou os esfor\u00e7os para ampliar a estrutura de an\u00e1lise dos casos.<\/p>\n\n\n\n<p>\u201cEstamos trabalhando com produ\u00e7\u00e3o m\u00e1xima de kits [de teste]. Estamos nos preparando com as estruturas, uma da Funda\u00e7\u00e3o Oswaldo Cruz e outra no Paran\u00e1, e devemos chegar a 1 milh\u00e3o de kits. Vamos abrir para outras estruturas produzir tamb\u00e9m. E se tiver possibilidade de aquisi\u00e7\u00e3o, podemos adquirir tamb\u00e9m. Vamos trabalhar com kits para fazer diagn\u00f3stico em pacientes mais dif\u00edceis. Teremos teste de anticorpo para fazer na popula\u00e7\u00e3o geral\u201d, declarou Mandetta.<\/p>\n\n\n\n<h2 class=\"wp-block-heading\">Abastecimento<\/h2>\n\n\n\n<p>O ministro alertou para medidas de restri\u00e7\u00e3o de circula\u00e7\u00e3o de pessoas ou fechamento de estradas que possam ser adotadas por governos estaduais e prefeituras. A preocupa\u00e7\u00e3o \u00e9 que elas possam causar dificuldade de acesso a alimentos e outros bens importantes de consumo neste momento.<\/p>\n\n\n\n<p>\u201cNo caso do fechamento de estradas, a log\u00edstica \u00e9 de interesse nacional. N\u00e3o adianta fechar tudo e faltar o frango que est\u00e1 pronto para chegar. Segura uma coisa e desabastece outra. Se n\u00e3o chegar com o cloro para por na \u00e1gua, a gente sai do v\u00edrus e cai em problema de qualidade de \u00e1gua. Isso quando for feito precisa ter \u00f3tica mais centralizada e \u00e9 isso que est\u00e1 havendo agora, muitas medidas mais centralizadas, j\u00e1 que s\u00e3o t\u00edpicas de momento de epidemia\u201d, defendeu Mandetta.<\/p>\n","protected":false},"excerpt":{"rendered":"<p>O Minist\u00e9rio da Sa\u00fade disponibilizar\u00e1 um sistema de teleatendimento para a popula\u00e7\u00e3o para responder d\u00favidas e dar orienta\u00e7\u00f5es sobre o novo coronav\u00edrus (Covid-19). A informa\u00e7\u00e3o&hellip; <\/p>\n","protected":false},"author":2,"featured_media":158875,"comment_status":"closed","ping_status":"closed","sticky":false,"template":"","format":"standard","meta":{"sfsi_plus_gutenberg_text_before_share":"","sfsi_plus_gutenberg_show_text_before_share":"","sfsi_plus_gutenberg_icon_type":"","sfsi_plus_gutenberg_icon_alignemt":"","sfsi_plus_gutenburg_max_per_row":"","footnotes":""},"categories":[16],"tags":[],"class_list":["post-158874","post","type-post","status-publish","format-standard","has-post-thumbnail","hentry","category-saude"],"_links":{"self":[{"href":"https:\/\/www.caririemacao.com\/1\/wp-json\/wp\/v2\/posts\/158874","targetHints":{"allow":["GET"]}}],"collection":[{"href":"https:\/\/www.caririemacao.com\/1\/wp-json\/wp\/v2\/posts"}],"about":[{"href":"https:\/\/www.caririemacao.com\/1\/wp-json\/wp\/v2\/types\/post"}],"author":[{"embeddable":true,"href":"https:\/\/www.caririemacao.com\/1\/wp-json\/wp\/v2\/users\/2"}],"replies":[{"embeddable":true,"href":"https:\/\/www.caririemacao.com\/1\/wp-json\/wp\/v2\/comments?post=158874"}],"version-history":[{"count":1,"href":"https:\/\/www.caririemacao.com\/1\/wp-json\/wp\/v2\/posts\/158874\/revisions"}],"predecessor-version":[{"id":158876,"href":"https:\/\/www.caririemacao.com\/1\/wp-json\/wp\/v2\/posts\/158874\/revisions\/158876"}],"wp:featuredmedia":[{"embeddable":true,"href":"https:\/\/www.caririemacao.com\/1\/wp-json\/wp\/v2\/media\/158875"}],"wp:attachment":[{"href":"https:\/\/www.caririemacao.com\/1\/wp-json\/wp\/v2\/media?parent=158874"}],"wp:term":[{"taxonomy":"category","embeddable":true,"href":"https:\/\/www.caririemacao.com\/1\/wp-json\/wp\/v2\/categories?post=158874"},{"taxonomy":"post_tag","embeddable":true,"href":"https:\/\/www.caririemacao.com\/1\/wp-json\/wp\/v2\/tags?post=158874"}],"curies":[{"name":"wp","href":"https:\/\/api.w.org\/{rel}","templated":true}]}}