{"id":158882,"date":"2020-03-19T07:18:21","date_gmt":"2020-03-19T10:18:21","guid":{"rendered":"http:\/\/www.caririemacao.com\/1\/?p=158882"},"modified":"2020-03-19T07:18:22","modified_gmt":"2020-03-19T10:18:22","slug":"chefes-de-poderes-fazem-declaracao-a-imprensa","status":"publish","type":"post","link":"https:\/\/www.caririemacao.com\/1\/2020\/03\/19\/chefes-de-poderes-fazem-declaracao-a-imprensa\/","title":{"rendered":"Chefes de Poderes fazem declara\u00e7\u00e3o \u00e0 imprensa"},"content":{"rendered":"\n<p>Parte dos chefes dos Poderes da Rep\u00fablica faz uma declara\u00e7\u00e3o conjunta \u00e0 imprensa nesta quarta-feira (18), no Pal\u00e1cio do Planalto, para falar sobre a pandemia do novo coronav\u00edrus (Covid-19) no pa\u00eds. Foi um convite do presidente Jair Bolsonaro. Mais cedo, ele e oito ministros concederam uma entrevista coletiva para atualizar sobre as principais a\u00e7\u00f5es em andamento. O presidente reconheceu a situa\u00e7\u00e3o da dissemina\u00e7\u00e3o do novo coronav\u00edrus, mas disse que a popula\u00e7\u00e3o&nbsp;<a href=\"https:\/\/agenciabrasil.ebc.com.br\/politica\/noticia\/2020-03\/bolsonaro-diz-que-situacao-e-grave-mas-nao-deve-haver-panico\" target=\"_blank\" rel=\"noreferrer noopener\">deve evitar o p\u00e2nico<\/a>.<\/p>\n\n\n\n<p>Participam, al\u00e9m de Bolsonaro, o presidente do Supremo Tribunal Federal (STF), Dias Toffoli, e o procurador-geral da Rep\u00fablica, Augusto Aras. O presidente do Senado, Davi Alcolumbre (DEM-AP), foi diagnosticado com o Covid-19 e n\u00e3o participa. O presidente da C\u00e2mara, Rodrigo Maia (DEM-RJ), tamb\u00e9m n\u00e3o est\u00e1 presente. Ele comanda sess\u00e3o na C\u00e2mara dos Deputados que analisa medidas legislativas para o enfrentamento do coronav\u00edrus.<\/p>\n\n\n\n<p>Acompanhe ao vivo:<\/p>\n\n\n\n<figure><iframe allowfullscreen=\"true\" height=\"445\" data-src=\"https:\/\/www.facebook.com\/plugins\/video.php?href=https%3A%2F%2Fwww.facebook.com%2Fagenciabrasil.ebc%2Fvideos%2F1619676561539776%2F&amp;show_text=1&amp;width=560\" width=\"560\" src=\"data:image\/svg+xml;base64,PHN2ZyB3aWR0aD0iMSIgaGVpZ2h0PSIxIiB4bWxucz0iaHR0cDovL3d3dy53My5vcmcvMjAwMC9zdmciPjwvc3ZnPg==\" class=\"lazyload\" data-load-mode=\"1\"><\/iframe><\/figure>\n","protected":false},"excerpt":{"rendered":"<p>Parte dos chefes dos Poderes da Rep\u00fablica faz uma declara\u00e7\u00e3o conjunta \u00e0 imprensa nesta quarta-feira (18), no Pal\u00e1cio do Planalto, para falar sobre a pandemia&hellip; <\/p>\n","protected":false},"author":2,"featured_media":158883,"comment_status":"closed","ping_status":"closed","sticky":false,"template":"","format":"standard","meta":{"sfsi_plus_gutenberg_text_before_share":"","sfsi_plus_gutenberg_show_text_before_share":"","sfsi_plus_gutenberg_icon_type":"","sfsi_plus_gutenberg_icon_alignemt":"","sfsi_plus_gutenburg_max_per_row":"","footnotes":""},"categories":[2],"tags":[],"class_list":["post-158882","post","type-post","status-publish","format-standard","has-post-thumbnail","hentry","category-geral"],"_links":{"self":[{"href":"https:\/\/www.caririemacao.com\/1\/wp-json\/wp\/v2\/posts\/158882","targetHints":{"allow":["GET"]}}],"collection":[{"href":"https:\/\/www.caririemacao.com\/1\/wp-json\/wp\/v2\/posts"}],"about":[{"href":"https:\/\/www.caririemacao.com\/1\/wp-json\/wp\/v2\/types\/post"}],"author":[{"embeddable":true,"href":"https:\/\/www.caririemacao.com\/1\/wp-json\/wp\/v2\/users\/2"}],"replies":[{"embeddable":true,"href":"https:\/\/www.caririemacao.com\/1\/wp-json\/wp\/v2\/comments?post=158882"}],"version-history":[{"count":1,"href":"https:\/\/www.caririemacao.com\/1\/wp-json\/wp\/v2\/posts\/158882\/revisions"}],"predecessor-version":[{"id":158884,"href":"https:\/\/www.caririemacao.com\/1\/wp-json\/wp\/v2\/posts\/158882\/revisions\/158884"}],"wp:featuredmedia":[{"embeddable":true,"href":"https:\/\/www.caririemacao.com\/1\/wp-json\/wp\/v2\/media\/158883"}],"wp:attachment":[{"href":"https:\/\/www.caririemacao.com\/1\/wp-json\/wp\/v2\/media?parent=158882"}],"wp:term":[{"taxonomy":"category","embeddable":true,"href":"https:\/\/www.caririemacao.com\/1\/wp-json\/wp\/v2\/categories?post=158882"},{"taxonomy":"post_tag","embeddable":true,"href":"https:\/\/www.caririemacao.com\/1\/wp-json\/wp\/v2\/tags?post=158882"}],"curies":[{"name":"wp","href":"https:\/\/api.w.org\/{rel}","templated":true}]}}