{"id":158888,"date":"2020-03-19T07:21:51","date_gmt":"2020-03-19T10:21:51","guid":{"rendered":"http:\/\/www.caririemacao.com\/1\/?p=158888"},"modified":"2020-03-19T07:21:52","modified_gmt":"2020-03-19T10:21:52","slug":"stf-derruba-liminar-que-sugeriu-soltar-presos-por-conta-do-covid-19","status":"publish","type":"post","link":"https:\/\/www.caririemacao.com\/1\/2020\/03\/19\/stf-derruba-liminar-que-sugeriu-soltar-presos-por-conta-do-covid-19\/","title":{"rendered":"STF derruba liminar que sugeriu soltar presos por conta do COVID-19"},"content":{"rendered":"\n<p>O Supremo Tribunal Federal (STF) derrubou&nbsp;hoje&nbsp;(18) a liminar proferida pelo ministro Marco Aur\u00e9lio&nbsp;que &#8220;conclamou&#8221; ju\u00edzes de todo o pa\u00eds a soltar presos que est\u00e3o no grupo risco do novo coronav\u00edrus (COVID-19).<\/p>\n\n\n\n<p>Pela liminar, os magistrados das Varas de Execu\u00e7\u00e3o Penal (VEP) de todo o pa\u00eds&nbsp;deveriam analisar a situa\u00e7\u00e3o de cada preso e avaliar a eventual concess\u00e3o de&nbsp;liberdade condicional para maiores de 60 anos e dar regime domiciliar a portadores do v\u00edrus HIV, diab\u00e9ticos, pessoas com&nbsp;tuberculose, doen\u00e7as respirat\u00f3rias, card\u00edacas, gestantes e lactantes. Al\u00e9m disso, os ju\u00edzes deveriam&nbsp;conceder medidas alternativas para quem cometeu crime sem viol\u00eancia ou grave amea\u00e7a.<\/p>\n\n\n\n<p>Por 7 votos 2, o STF&nbsp;entendeu que as medidas para evitar o contamina\u00e7\u00e3o de presos foram tomadas pelo Minist\u00e9rio da Sa\u00fade&nbsp;e pelo Minist\u00e9rio da Justi\u00e7a e Seguran\u00e7a P\u00fablica, al\u00e9m do Conselho Nacional de Justi\u00e7a (CNJ), que editou uma&nbsp;<a href=\"https:\/\/agenciabrasil.ebc.com.br\/justica\/noticia\/2020-03\/contra-coronavirus-cnj-recomenda-revisao-de-prisoes-provisorias\" target=\"_blank\" rel=\"noreferrer noopener\">recomenda\u00e7\u00e3o<\/a>&nbsp;sobre o mesmo assunto.<\/p>\n\n\n\n<p>A decis\u00e3o do ministro foi tomada&nbsp;ontem&nbsp;(18) \u00e0 noite e a liminar foi levada&nbsp;hoje&nbsp;para referendo do plen\u00e1rio. A liminar foi proferida em um processo que foi julgado em 2015, quando o STF proibiu o Poder Executivo de contingenciar verbas do Fundo&nbsp;Penitenci\u00e1rio Nacional (Funpen) para melhorar as condi\u00e7\u00f5es de pres\u00eddios.&nbsp;Nesta semana, o Instituto de Defesa do Direito de Defesa (IDDD) pediu que a situa\u00e7\u00e3o prec\u00e1ria dos pres\u00eddios fosse novamente levada em conta diante da pandemia do novo coronav\u00edrus.&nbsp;<\/p>\n","protected":false},"excerpt":{"rendered":"<p>O Supremo Tribunal Federal (STF) derrubou&nbsp;hoje&nbsp;(18) a liminar proferida pelo ministro Marco Aur\u00e9lio&nbsp;que &#8220;conclamou&#8221; ju\u00edzes de todo o pa\u00eds a soltar presos que est\u00e3o no&hellip; <\/p>\n","protected":false},"author":2,"featured_media":158889,"comment_status":"closed","ping_status":"closed","sticky":false,"template":"","format":"standard","meta":{"sfsi_plus_gutenberg_text_before_share":"","sfsi_plus_gutenberg_show_text_before_share":"","sfsi_plus_gutenberg_icon_type":"","sfsi_plus_gutenberg_icon_alignemt":"","sfsi_plus_gutenburg_max_per_row":"","footnotes":""},"categories":[2],"tags":[],"class_list":["post-158888","post","type-post","status-publish","format-standard","has-post-thumbnail","hentry","category-geral"],"_links":{"self":[{"href":"https:\/\/www.caririemacao.com\/1\/wp-json\/wp\/v2\/posts\/158888","targetHints":{"allow":["GET"]}}],"collection":[{"href":"https:\/\/www.caririemacao.com\/1\/wp-json\/wp\/v2\/posts"}],"about":[{"href":"https:\/\/www.caririemacao.com\/1\/wp-json\/wp\/v2\/types\/post"}],"author":[{"embeddable":true,"href":"https:\/\/www.caririemacao.com\/1\/wp-json\/wp\/v2\/users\/2"}],"replies":[{"embeddable":true,"href":"https:\/\/www.caririemacao.com\/1\/wp-json\/wp\/v2\/comments?post=158888"}],"version-history":[{"count":1,"href":"https:\/\/www.caririemacao.com\/1\/wp-json\/wp\/v2\/posts\/158888\/revisions"}],"predecessor-version":[{"id":158890,"href":"https:\/\/www.caririemacao.com\/1\/wp-json\/wp\/v2\/posts\/158888\/revisions\/158890"}],"wp:featuredmedia":[{"embeddable":true,"href":"https:\/\/www.caririemacao.com\/1\/wp-json\/wp\/v2\/media\/158889"}],"wp:attachment":[{"href":"https:\/\/www.caririemacao.com\/1\/wp-json\/wp\/v2\/media?parent=158888"}],"wp:term":[{"taxonomy":"category","embeddable":true,"href":"https:\/\/www.caririemacao.com\/1\/wp-json\/wp\/v2\/categories?post=158888"},{"taxonomy":"post_tag","embeddable":true,"href":"https:\/\/www.caririemacao.com\/1\/wp-json\/wp\/v2\/tags?post=158888"}],"curies":[{"name":"wp","href":"https:\/\/api.w.org\/{rel}","templated":true}]}}