{"id":158892,"date":"2020-03-19T07:23:42","date_gmt":"2020-03-19T10:23:42","guid":{"rendered":"http:\/\/www.caririemacao.com\/1\/?p=158892"},"modified":"2020-03-19T07:23:44","modified_gmt":"2020-03-19T10:23:44","slug":"fevereiro-nao-teve-seca-extrema-pela-primeira-vez-desde-2015","status":"publish","type":"post","link":"https:\/\/www.caririemacao.com\/1\/2020\/03\/19\/fevereiro-nao-teve-seca-extrema-pela-primeira-vez-desde-2015\/","title":{"rendered":"Fevereiro n\u00e3o teve seca extrema pela primeira vez desde 2015"},"content":{"rendered":"\n<p>O m\u00eas de fevereiro n\u00e3o teve seca extrema pela primeira vez desde 2015. Foi o que identificou o projeto&nbsp;<a href=\"http:\/\/monitordesecas.ana.gov.br\/\" target=\"_blank\" rel=\"noreferrer noopener\">Monitor da Seca<\/a>, da Ag\u00eancia Nacional de \u00c1guas (ANA). As chuvas do m\u00eas passado em diversos estados contribu\u00edram para este resultado, reduzindo as \u00e1reas em que a seca extrema normalmente se manifesta. O m\u00eas foi marcado por enchentes em diversos estados, como Minas Gerais, Esp\u00edrito Santo, Rio de Janeiro e S\u00e3o Paulo.<\/p>\n\n\n\n<p>Em rela\u00e7\u00e3o a janeiro, houve diminui\u00e7\u00e3o de regi\u00f5es de seca nos estados da Bahia, Cear\u00e1, Esp\u00edrito Santo, Maranh\u00e3o, Minas Gerais, Piau\u00ed e Rio Grande do Norte. Nesses mesmos estados, a seca mudou qualitativamente, ficando menos grave. Esse fen\u00f4meno ocorreu tamb\u00e9m em Pernambuco, Para\u00edba, Sergipe e Tocantins. O estado de Alagoas, contudo, continuou com seca extrema tamb\u00e9m em fevereiro.<\/p>\n\n\n\n<p>O Monitor das Secas n\u00e3o verifica todo o territ\u00f3rio brasileiro. O projeto acompanha a situa\u00e7\u00e3o de toda a Regi\u00e3o Nordeste, al\u00e9m de Tocantins, Minas Gerais e Esp\u00edrito Santo. Ainda neste ano, a previs\u00e3o \u00e9 que Goi\u00e1s e Rio de Janeiro passem a ser monitorados tamb\u00e9m.<\/p>\n","protected":false},"excerpt":{"rendered":"<p>O m\u00eas de fevereiro n\u00e3o teve seca extrema pela primeira vez desde 2015. Foi o que identificou o projeto&nbsp;Monitor da Seca, da Ag\u00eancia Nacional de&hellip; <\/p>\n","protected":false},"author":2,"featured_media":158893,"comment_status":"closed","ping_status":"closed","sticky":false,"template":"","format":"standard","meta":{"sfsi_plus_gutenberg_text_before_share":"","sfsi_plus_gutenberg_show_text_before_share":"","sfsi_plus_gutenberg_icon_type":"","sfsi_plus_gutenberg_icon_alignemt":"","sfsi_plus_gutenburg_max_per_row":"","footnotes":""},"categories":[2],"tags":[],"class_list":["post-158892","post","type-post","status-publish","format-standard","has-post-thumbnail","hentry","category-geral"],"_links":{"self":[{"href":"https:\/\/www.caririemacao.com\/1\/wp-json\/wp\/v2\/posts\/158892","targetHints":{"allow":["GET"]}}],"collection":[{"href":"https:\/\/www.caririemacao.com\/1\/wp-json\/wp\/v2\/posts"}],"about":[{"href":"https:\/\/www.caririemacao.com\/1\/wp-json\/wp\/v2\/types\/post"}],"author":[{"embeddable":true,"href":"https:\/\/www.caririemacao.com\/1\/wp-json\/wp\/v2\/users\/2"}],"replies":[{"embeddable":true,"href":"https:\/\/www.caririemacao.com\/1\/wp-json\/wp\/v2\/comments?post=158892"}],"version-history":[{"count":1,"href":"https:\/\/www.caririemacao.com\/1\/wp-json\/wp\/v2\/posts\/158892\/revisions"}],"predecessor-version":[{"id":158894,"href":"https:\/\/www.caririemacao.com\/1\/wp-json\/wp\/v2\/posts\/158892\/revisions\/158894"}],"wp:featuredmedia":[{"embeddable":true,"href":"https:\/\/www.caririemacao.com\/1\/wp-json\/wp\/v2\/media\/158893"}],"wp:attachment":[{"href":"https:\/\/www.caririemacao.com\/1\/wp-json\/wp\/v2\/media?parent=158892"}],"wp:term":[{"taxonomy":"category","embeddable":true,"href":"https:\/\/www.caririemacao.com\/1\/wp-json\/wp\/v2\/categories?post=158892"},{"taxonomy":"post_tag","embeddable":true,"href":"https:\/\/www.caririemacao.com\/1\/wp-json\/wp\/v2\/tags?post=158892"}],"curies":[{"name":"wp","href":"https:\/\/api.w.org\/{rel}","templated":true}]}}