{"id":158896,"date":"2020-03-19T07:33:21","date_gmt":"2020-03-19T10:33:21","guid":{"rendered":"http:\/\/www.caririemacao.com\/1\/?p=158896"},"modified":"2020-03-19T07:33:23","modified_gmt":"2020-03-19T10:33:23","slug":"covid-19-numero-de-mortes-chega-a-4-ha-428-casos-confirmados-no-pais","status":"publish","type":"post","link":"https:\/\/www.caririemacao.com\/1\/2020\/03\/19\/covid-19-numero-de-mortes-chega-a-4-ha-428-casos-confirmados-no-pais\/","title":{"rendered":"Covid-19: n\u00famero de mortes chega a 4; h\u00e1 428 casos confirmados no pa\u00eds"},"content":{"rendered":"\n<p>O n\u00famero de mortes em decorr\u00eancia do novo coronav\u00edrus (covid-19) subiu para quatro, conforme atualiza\u00e7\u00e3o mais recente do Minist\u00e9rio da Sa\u00fade divulgada&nbsp;hoje&nbsp;(18). At\u00e9 o balan\u00e7o anunciado&nbsp;ontem, havia apenas um \u00f3bito confirmado.<\/p>\n\n\n\n<p>Os falecimentos ocorreram na cidade de S\u00e3o Paulo. Duas novas mortes foram confirmadas pelo hospital Sancta Maggiore, na capital paulista. As duas v\u00edtimas, uma de 65 e outra de 80 anos, estavam internadas desde o \u00faltimo&nbsp;s\u00e1bado&nbsp;(15) a&nbsp;<a href=\"https:\/\/agenciabrasil.ebc.com.br\/saude\/noticia\/2020-03\/hospital-confirma-mais-duas-mortes-por-covid19-em-sao-paulo\" target=\"_blank\" rel=\"noreferrer noopener\">apresentavam comorbidades<\/a>.<\/p>\n\n\n\n<p>J\u00e1 os casos confirmados do novo coronav\u00edrus (covid-19) chegaram a 428. O n\u00famero \u00e9 137 acima do \u00faltimo balan\u00e7o&nbsp;ontem&nbsp;(17), quando o total estava em 291 pessoas infectadas. Na&nbsp;segunda-feira (16), eram 234 pacientes nessa situa\u00e7\u00e3o.<\/p>\n\n\n\n<p>S\u00e3o Paulo concentra a maior parte dos casos (240). Em seguida v\u00eam Rio&nbsp;de Janeiro&nbsp;(45), Distrito Federal (26), Rio Grande do Sul (19), Pernambuco (16), Minas Gerais (15) e Paran\u00e1 (13). Al\u00e9m desses, foram identificados casos em Santa Catarina (10), Esp\u00edrito Santo e Cear\u00e1 (9), Goi\u00e1s (8), Mato Grosso do Sul (7), Sergipe (5), Bahia (3) e Alagoas, Rio Grande do Norte e Amazonas (1).<\/p>\n\n\n\n<p>J\u00e1 os casos suspeitos alcan\u00e7aram 11.278. No balan\u00e7o de&nbsp;ontem, eles haviam chegado a 8.819, quatro vezes mais do que na&nbsp;segunda-feira (16), quando foram contabilizados 2.064. O Minist\u00e9rio da Sa\u00fade justificou o salto pelo fato das inclus\u00f5es no sistema terem passado a ser feitas de forma automatizada pelas secretarias estaduais. Os descartados somaram 13.551.&nbsp;<\/p>\n\n\n\n<p><em>*mat\u00e9ria atualizada \u00e0s 21h04 para corre\u00e7\u00e3o de t\u00edtulo; ao contr\u00e1rio do informado, os casos foram confirmados, n\u00e3o s\u00e3o suspeitos<\/em><\/p>\n","protected":false},"excerpt":{"rendered":"<p>O n\u00famero de mortes em decorr\u00eancia do novo coronav\u00edrus (covid-19) subiu para quatro, conforme atualiza\u00e7\u00e3o mais recente do Minist\u00e9rio da Sa\u00fade divulgada&nbsp;hoje&nbsp;(18). At\u00e9 o balan\u00e7o&hellip; <\/p>\n","protected":false},"author":2,"featured_media":158897,"comment_status":"closed","ping_status":"closed","sticky":false,"template":"","format":"standard","meta":{"sfsi_plus_gutenberg_text_before_share":"","sfsi_plus_gutenberg_show_text_before_share":"","sfsi_plus_gutenberg_icon_type":"","sfsi_plus_gutenberg_icon_alignemt":"","sfsi_plus_gutenburg_max_per_row":"","footnotes":""},"categories":[2],"tags":[],"class_list":["post-158896","post","type-post","status-publish","format-standard","has-post-thumbnail","hentry","category-geral"],"_links":{"self":[{"href":"https:\/\/www.caririemacao.com\/1\/wp-json\/wp\/v2\/posts\/158896","targetHints":{"allow":["GET"]}}],"collection":[{"href":"https:\/\/www.caririemacao.com\/1\/wp-json\/wp\/v2\/posts"}],"about":[{"href":"https:\/\/www.caririemacao.com\/1\/wp-json\/wp\/v2\/types\/post"}],"author":[{"embeddable":true,"href":"https:\/\/www.caririemacao.com\/1\/wp-json\/wp\/v2\/users\/2"}],"replies":[{"embeddable":true,"href":"https:\/\/www.caririemacao.com\/1\/wp-json\/wp\/v2\/comments?post=158896"}],"version-history":[{"count":1,"href":"https:\/\/www.caririemacao.com\/1\/wp-json\/wp\/v2\/posts\/158896\/revisions"}],"predecessor-version":[{"id":158898,"href":"https:\/\/www.caririemacao.com\/1\/wp-json\/wp\/v2\/posts\/158896\/revisions\/158898"}],"wp:featuredmedia":[{"embeddable":true,"href":"https:\/\/www.caririemacao.com\/1\/wp-json\/wp\/v2\/media\/158897"}],"wp:attachment":[{"href":"https:\/\/www.caririemacao.com\/1\/wp-json\/wp\/v2\/media?parent=158896"}],"wp:term":[{"taxonomy":"category","embeddable":true,"href":"https:\/\/www.caririemacao.com\/1\/wp-json\/wp\/v2\/categories?post=158896"},{"taxonomy":"post_tag","embeddable":true,"href":"https:\/\/www.caririemacao.com\/1\/wp-json\/wp\/v2\/tags?post=158896"}],"curies":[{"name":"wp","href":"https:\/\/api.w.org\/{rel}","templated":true}]}}