{"id":158902,"date":"2020-03-19T07:38:34","date_gmt":"2020-03-19T10:38:34","guid":{"rendered":"http:\/\/www.caririemacao.com\/1\/?p=158902"},"modified":"2020-03-19T07:38:36","modified_gmt":"2020-03-19T10:38:36","slug":"em-virtude-do-coronavirus-aulas-do-paraibatec-em-sume-sao-suspensas","status":"publish","type":"post","link":"https:\/\/www.caririemacao.com\/1\/2020\/03\/19\/em-virtude-do-coronavirus-aulas-do-paraibatec-em-sume-sao-suspensas\/","title":{"rendered":"Em virtude do coronav\u00edrus, aulas do Para\u00edbatec em Sum\u00e9 s\u00e3o suspensas"},"content":{"rendered":"\n<div class=\"wp-block-image\"><figure class=\"aligncenter\"><a href=\"http:\/\/noticiasemdestaque.com\/cd\/wp-content\/uploads\/2020\/03\/bb68b1ba-75b6-4cf6-bfa7-ad802a5e0281.jpg\"><img decoding=\"async\" data-src=\"http:\/\/noticiasemdestaque.com\/cd\/wp-content\/uploads\/2020\/03\/bb68b1ba-75b6-4cf6-bfa7-ad802a5e0281-1024x898.jpg\" alt=\"\" class=\"wp-image-23762 lazyload\" src=\"data:image\/svg+xml;base64,PHN2ZyB3aWR0aD0iMSIgaGVpZ2h0PSIxIiB4bWxucz0iaHR0cDovL3d3dy53My5vcmcvMjAwMC9zdmciPjwvc3ZnPg==\" style=\"--smush-placeholder-width: 1024px; --smush-placeholder-aspect-ratio: 1024\/898;\" \/><\/a><\/figure><\/div>\n\n\n\n<p>Os cursos do Para\u00edbatec que estavam ocorrendo no col\u00e9gio estadual em Sum\u00e9, est\u00e3o suspensas a partir de hoje, em virtude do coronav\u00edrus, em entrevista a 95 FM, o supervisor do programa no munic\u00edpio falou dos detalhes.<\/p>\n\n\n\n<p>Not\u00edcias em Destaque<br><\/p>\n","protected":false},"excerpt":{"rendered":"<p>Os cursos do Para\u00edbatec que estavam ocorrendo no col\u00e9gio estadual em Sum\u00e9, est\u00e3o suspensas a partir de hoje, em virtude do coronav\u00edrus, em entrevista a&hellip; <\/p>\n","protected":false},"author":2,"featured_media":158903,"comment_status":"closed","ping_status":"closed","sticky":false,"template":"","format":"standard","meta":{"sfsi_plus_gutenberg_text_before_share":"","sfsi_plus_gutenberg_show_text_before_share":"","sfsi_plus_gutenberg_icon_type":"","sfsi_plus_gutenberg_icon_alignemt":"","sfsi_plus_gutenburg_max_per_row":"","footnotes":""},"categories":[50,2],"tags":[],"class_list":["post-158902","post","type-post","status-publish","format-standard","has-post-thumbnail","hentry","category-destaque","category-geral"],"_links":{"self":[{"href":"https:\/\/www.caririemacao.com\/1\/wp-json\/wp\/v2\/posts\/158902","targetHints":{"allow":["GET"]}}],"collection":[{"href":"https:\/\/www.caririemacao.com\/1\/wp-json\/wp\/v2\/posts"}],"about":[{"href":"https:\/\/www.caririemacao.com\/1\/wp-json\/wp\/v2\/types\/post"}],"author":[{"embeddable":true,"href":"https:\/\/www.caririemacao.com\/1\/wp-json\/wp\/v2\/users\/2"}],"replies":[{"embeddable":true,"href":"https:\/\/www.caririemacao.com\/1\/wp-json\/wp\/v2\/comments?post=158902"}],"version-history":[{"count":1,"href":"https:\/\/www.caririemacao.com\/1\/wp-json\/wp\/v2\/posts\/158902\/revisions"}],"predecessor-version":[{"id":158904,"href":"https:\/\/www.caririemacao.com\/1\/wp-json\/wp\/v2\/posts\/158902\/revisions\/158904"}],"wp:featuredmedia":[{"embeddable":true,"href":"https:\/\/www.caririemacao.com\/1\/wp-json\/wp\/v2\/media\/158903"}],"wp:attachment":[{"href":"https:\/\/www.caririemacao.com\/1\/wp-json\/wp\/v2\/media?parent=158902"}],"wp:term":[{"taxonomy":"category","embeddable":true,"href":"https:\/\/www.caririemacao.com\/1\/wp-json\/wp\/v2\/categories?post=158902"},{"taxonomy":"post_tag","embeddable":true,"href":"https:\/\/www.caririemacao.com\/1\/wp-json\/wp\/v2\/tags?post=158902"}],"curies":[{"name":"wp","href":"https:\/\/api.w.org\/{rel}","templated":true}]}}