{"id":158914,"date":"2020-03-19T07:43:47","date_gmt":"2020-03-19T10:43:47","guid":{"rendered":"http:\/\/www.caririemacao.com\/1\/?p=158914"},"modified":"2020-03-19T07:43:48","modified_gmt":"2020-03-19T10:43:48","slug":"prefeitura-de-sume-organiza-atendimento-ao-publico-em-virtude-do-coronavirus","status":"publish","type":"post","link":"https:\/\/www.caririemacao.com\/1\/2020\/03\/19\/prefeitura-de-sume-organiza-atendimento-ao-publico-em-virtude-do-coronavirus\/","title":{"rendered":"Prefeitura de Sum\u00e9 organiza atendimento ao p\u00fablico em virtude do coronav\u00edrus"},"content":{"rendered":"\n<p>A Prefeitura de Sum\u00e9 comunica que a partir desta quinta-feira (19), o edif\u00edcio sede e as Secretarias de Educa\u00e7\u00e3o, Sa\u00fade, Assist\u00eancia Social, Obras e Agricultura estar\u00e3o com suas portas fechadas, limitando o atendimento ao p\u00fablico.<\/p>\n\n\n\n<p>A medida est\u00e1 sendo tomada para evitar a aglomera\u00e7\u00e3o de pessoas nas reparti\u00e7\u00f5es, e consequentemente, a dissemina\u00e7\u00e3o do COVID-19.<\/p>\n\n\n\n<p>Permanece funcionando normalmente o atendimento das unidades de sa\u00fade e a limpeza urbana.<\/p>\n","protected":false},"excerpt":{"rendered":"<p>A Prefeitura de Sum\u00e9 comunica que a partir desta quinta-feira (19), o edif\u00edcio sede e as Secretarias de Educa\u00e7\u00e3o, Sa\u00fade, Assist\u00eancia Social, Obras e Agricultura&hellip; <\/p>\n","protected":false},"author":2,"featured_media":158915,"comment_status":"closed","ping_status":"closed","sticky":false,"template":"","format":"standard","meta":{"sfsi_plus_gutenberg_text_before_share":"","sfsi_plus_gutenberg_show_text_before_share":"","sfsi_plus_gutenberg_icon_type":"","sfsi_plus_gutenberg_icon_alignemt":"","sfsi_plus_gutenburg_max_per_row":"","footnotes":""},"categories":[2],"tags":[],"class_list":["post-158914","post","type-post","status-publish","format-standard","has-post-thumbnail","hentry","category-geral"],"_links":{"self":[{"href":"https:\/\/www.caririemacao.com\/1\/wp-json\/wp\/v2\/posts\/158914","targetHints":{"allow":["GET"]}}],"collection":[{"href":"https:\/\/www.caririemacao.com\/1\/wp-json\/wp\/v2\/posts"}],"about":[{"href":"https:\/\/www.caririemacao.com\/1\/wp-json\/wp\/v2\/types\/post"}],"author":[{"embeddable":true,"href":"https:\/\/www.caririemacao.com\/1\/wp-json\/wp\/v2\/users\/2"}],"replies":[{"embeddable":true,"href":"https:\/\/www.caririemacao.com\/1\/wp-json\/wp\/v2\/comments?post=158914"}],"version-history":[{"count":1,"href":"https:\/\/www.caririemacao.com\/1\/wp-json\/wp\/v2\/posts\/158914\/revisions"}],"predecessor-version":[{"id":158916,"href":"https:\/\/www.caririemacao.com\/1\/wp-json\/wp\/v2\/posts\/158914\/revisions\/158916"}],"wp:featuredmedia":[{"embeddable":true,"href":"https:\/\/www.caririemacao.com\/1\/wp-json\/wp\/v2\/media\/158915"}],"wp:attachment":[{"href":"https:\/\/www.caririemacao.com\/1\/wp-json\/wp\/v2\/media?parent=158914"}],"wp:term":[{"taxonomy":"category","embeddable":true,"href":"https:\/\/www.caririemacao.com\/1\/wp-json\/wp\/v2\/categories?post=158914"},{"taxonomy":"post_tag","embeddable":true,"href":"https:\/\/www.caririemacao.com\/1\/wp-json\/wp\/v2\/tags?post=158914"}],"curies":[{"name":"wp","href":"https:\/\/api.w.org\/{rel}","templated":true}]}}