{"id":158918,"date":"2020-03-19T07:45:36","date_gmt":"2020-03-19T10:45:36","guid":{"rendered":"http:\/\/www.caririemacao.com\/1\/?p=158918"},"modified":"2020-03-19T07:45:39","modified_gmt":"2020-03-19T10:45:39","slug":"panelaco-e-registrado-em-bairros-de-joao-pessoa","status":"publish","type":"post","link":"https:\/\/www.caririemacao.com\/1\/2020\/03\/19\/panelaco-e-registrado-em-bairros-de-joao-pessoa\/","title":{"rendered":"Panela\u00e7o \u00e9 registrado em bairros de Jo\u00e3o Pessoa"},"content":{"rendered":"\n<p>A cidade de Jo\u00e3o Pessoa registrou panela\u00e7os na noite desta quarta-feira (18), durante pronunciamento do presidente Jair Bolsonaro sobre a\u00e7\u00f5es contra o coronav\u00edrus.<\/p>\n\n\n\n<p>Os protestos foram ouvidos em Jardim Oceania, Bessa e Aeroclube. Tamb\u00e9m foram ouvidos em Mana\u00edra, Tamba\u00fa,&nbsp;Banc\u00e1rios, Jaguaribe, Altiplano, Jardim Luna. Tamb\u00e9m h\u00e1 registros de protestos no bairro de Intermares, em&nbsp;Cabedelo.<\/p>\n\n\n\n<p>Confira v\u00eddeos e imagens abaixo:<\/p>\n\n\n\n<figure><iframe width=\"500\" height=\"281\" data-src=\"https:\/\/www.youtube.com\/embed\/6mpu_HPwyYc\" allowfullscreen=\"\" src=\"data:image\/svg+xml;base64,PHN2ZyB3aWR0aD0iMSIgaGVpZ2h0PSIxIiB4bWxucz0iaHR0cDovL3d3dy53My5vcmcvMjAwMC9zdmciPjwvc3ZnPg==\" class=\"lazyload\" data-load-mode=\"1\"><\/iframe><\/figure>\n\n\n\n<figure><iframe width=\"500\" height=\"281\" data-src=\"https:\/\/www.youtube.com\/embed\/VX2X3i2Ae1c\" allowfullscreen=\"\" src=\"data:image\/svg+xml;base64,PHN2ZyB3aWR0aD0iMSIgaGVpZ2h0PSIxIiB4bWxucz0iaHR0cDovL3d3dy53My5vcmcvMjAwMC9zdmciPjwvc3ZnPg==\" class=\"lazyload\" data-load-mode=\"1\"><\/iframe><\/figure>\n\n\n\n<figure><iframe width=\"500\" height=\"281\" data-src=\"https:\/\/www.youtube.com\/embed\/t0hCmOgH3qs\" allowfullscreen=\"\" src=\"data:image\/svg+xml;base64,PHN2ZyB3aWR0aD0iMSIgaGVpZ2h0PSIxIiB4bWxucz0iaHR0cDovL3d3dy53My5vcmcvMjAwMC9zdmciPjwvc3ZnPg==\" class=\"lazyload\" data-load-mode=\"1\"><\/iframe><\/figure>\n\n\n\n<figure><iframe width=\"500\" height=\"281\" data-src=\"https:\/\/www.youtube.com\/embed\/hkk7lyUvWgA\" allowfullscreen=\"\" src=\"data:image\/svg+xml;base64,PHN2ZyB3aWR0aD0iMSIgaGVpZ2h0PSIxIiB4bWxucz0iaHR0cDovL3d3dy53My5vcmcvMjAwMC9zdmciPjwvc3ZnPg==\" class=\"lazyload\" data-load-mode=\"1\"><\/iframe><\/figure>\n\n\n\n<figure class=\"wp-block-image\"><img decoding=\"async\" data-src=\"https:\/\/www.clickpb.com.br\/media\/filer_public\/cd\/b0\/cdb0d7d7-9b07-43a9-8011-c3ff899c8d54\/whatsapp_image_2020-03-18_at_202619.jpeg\" alt=\"\" src=\"data:image\/svg+xml;base64,PHN2ZyB3aWR0aD0iMSIgaGVpZ2h0PSIxIiB4bWxucz0iaHR0cDovL3d3dy53My5vcmcvMjAwMC9zdmciPjwvc3ZnPg==\" class=\"lazyload\" \/><\/figure>\n\n\n\n<figure class=\"wp-block-image\"><img decoding=\"async\" data-src=\"https:\/\/www.clickpb.com.br\/media\/filer_public\/2a\/30\/2a307a24-4257-4b4a-a75d-676ad5b64616\/whatsapp_image_2020-03-18_at_202220.jpeg\" alt=\"\" src=\"data:image\/svg+xml;base64,PHN2ZyB3aWR0aD0iMSIgaGVpZ2h0PSIxIiB4bWxucz0iaHR0cDovL3d3dy53My5vcmcvMjAwMC9zdmciPjwvc3ZnPg==\" class=\"lazyload\" \/><\/figure>\n\n\n\n<p><strong>Crise do coronav\u00edrus<\/strong><\/p>\n\n\n\n<p>Mais cedo nesta quarta, o presidente afirmou que o governo &#8220;est\u00e1 ganhando de goleada&#8221;. Na ocasi\u00e3o, Bolsonaro pediu que o trabalho do governo e ele pr\u00f3prio sejam exaltados. Tamb\u00e9m voltou a defender sua participa\u00e7\u00e3o nos atos de domingo (15). O presidente descumpriu a recomenda\u00e7\u00e3o de monitoramento por coronav\u00edrus e cumprimentou apoiadores no Distrito Federal.<\/p>\n\n\n\n<p>Na noite desta ter\u00e7a-feira (17), j\u00e1 havia ocorrido um panela\u00e7o contra Bolsonaro. Houve protestos em S\u00e3o Paulo, Rio de Janeiro, Bras\u00edlia, Belo Horizonte e Recife.<\/p>\n\n\n\n<p>Os panela\u00e7os ocorreram&nbsp;depois de o presidente ter falado, mais de uma vez, em &#8220;histeria&#8221; em rela\u00e7\u00e3o ao novo coronav\u00edrus e de dizer que a\u00e7\u00f5es de governadores sobre isolamento prejudicam a economia.<\/p>\n\n\n\n<p>Nesta ter\u00e7a, o governo anunciou que pediria ao Congresso para reconhecer estado de calamidade p\u00fablica em raz\u00e3o da pandemia de Covid-19 (doen\u00e7a causada pelo novo coronav\u00edrus).<\/p>\n","protected":false},"excerpt":{"rendered":"<p>A cidade de Jo\u00e3o Pessoa registrou panela\u00e7os na noite desta quarta-feira (18), durante pronunciamento do presidente Jair Bolsonaro sobre a\u00e7\u00f5es contra o coronav\u00edrus. Os protestos&hellip; <\/p>\n","protected":false},"author":2,"featured_media":158919,"comment_status":"closed","ping_status":"closed","sticky":false,"template":"","format":"standard","meta":{"sfsi_plus_gutenberg_text_before_share":"","sfsi_plus_gutenberg_show_text_before_share":"","sfsi_plus_gutenberg_icon_type":"","sfsi_plus_gutenberg_icon_alignemt":"","sfsi_plus_gutenburg_max_per_row":"","footnotes":""},"categories":[2],"tags":[],"class_list":["post-158918","post","type-post","status-publish","format-standard","has-post-thumbnail","hentry","category-geral"],"_links":{"self":[{"href":"https:\/\/www.caririemacao.com\/1\/wp-json\/wp\/v2\/posts\/158918","targetHints":{"allow":["GET"]}}],"collection":[{"href":"https:\/\/www.caririemacao.com\/1\/wp-json\/wp\/v2\/posts"}],"about":[{"href":"https:\/\/www.caririemacao.com\/1\/wp-json\/wp\/v2\/types\/post"}],"author":[{"embeddable":true,"href":"https:\/\/www.caririemacao.com\/1\/wp-json\/wp\/v2\/users\/2"}],"replies":[{"embeddable":true,"href":"https:\/\/www.caririemacao.com\/1\/wp-json\/wp\/v2\/comments?post=158918"}],"version-history":[{"count":1,"href":"https:\/\/www.caririemacao.com\/1\/wp-json\/wp\/v2\/posts\/158918\/revisions"}],"predecessor-version":[{"id":158920,"href":"https:\/\/www.caririemacao.com\/1\/wp-json\/wp\/v2\/posts\/158918\/revisions\/158920"}],"wp:featuredmedia":[{"embeddable":true,"href":"https:\/\/www.caririemacao.com\/1\/wp-json\/wp\/v2\/media\/158919"}],"wp:attachment":[{"href":"https:\/\/www.caririemacao.com\/1\/wp-json\/wp\/v2\/media?parent=158918"}],"wp:term":[{"taxonomy":"category","embeddable":true,"href":"https:\/\/www.caririemacao.com\/1\/wp-json\/wp\/v2\/categories?post=158918"},{"taxonomy":"post_tag","embeddable":true,"href":"https:\/\/www.caririemacao.com\/1\/wp-json\/wp\/v2\/tags?post=158918"}],"curies":[{"name":"wp","href":"https:\/\/api.w.org\/{rel}","templated":true}]}}