{"id":158924,"date":"2020-03-19T08:53:11","date_gmt":"2020-03-19T11:53:11","guid":{"rendered":"http:\/\/www.caririemacao.com\/1\/?p=158924"},"modified":"2020-03-19T08:53:13","modified_gmt":"2020-03-19T11:53:13","slug":"cratera-se-forma-em-ponte-na-estrada-que-liga-sao-domingos-do-cariri-a-caraubas-e-autoridades-temem-o-rompimento","status":"publish","type":"post","link":"https:\/\/www.caririemacao.com\/1\/2020\/03\/19\/cratera-se-forma-em-ponte-na-estrada-que-liga-sao-domingos-do-cariri-a-caraubas-e-autoridades-temem-o-rompimento\/","title":{"rendered":"Cratera se forma em ponte na estrada que liga S\u00e3o Domingos do Cariri a Cara\u00fabas e autoridades temem o rompimento"},"content":{"rendered":"\n<p><strong>URGENTE:<\/strong>&nbsp;Parte da estrutura da ponte do S\u00edtio Curralinho, que fica na PB 186, entre os munic\u00edpios de S\u00e3o Domingos do Cariri e Cara\u00fabas, foi destru\u00edda parcialmente com as intensas chuvas ca\u00eddas nesta \u00faltima quarta-feira(18).<\/p>\n\n\n\n<p>Ao lado da ponte se formou uma grande cratera e as autoridades e popula\u00e7\u00e3o temem pelo rompimento da estrada.<\/p>\n\n\n\n<p>A prefeita de S\u00e3o Domingos do Cariri, Inara Marinho, pediu ao DER que providencie alguma tomada de decis\u00e3o urgente na rodovia, afim de evitar uma trag\u00e9dia e o isolamento entre as duas cidades.<\/p>\n\n\n\n<p><strong>Veja nas imagens que j\u00e1 circulam pela internet da situa\u00e7\u00e3o na ponte:<\/strong><\/p>\n\n\n\n<figure><iframe data-src=\"https:\/\/www.facebook.com\/plugins\/video.php?href=https%3A%2F%2Fwww.facebook.com%2Fdeolho.nocariri%2Fvideos%2F618528545663336%2F&amp;show_text=0&amp;width=476\" width=\"476\" height=\"476\" allowfullscreen=\"allowfullscreen\" src=\"data:image\/svg+xml;base64,PHN2ZyB3aWR0aD0iMSIgaGVpZ2h0PSIxIiB4bWxucz0iaHR0cDovL3d3dy53My5vcmcvMjAwMC9zdmciPjwvc3ZnPg==\" class=\"lazyload\" data-load-mode=\"1\"><\/iframe><\/figure>\n\n\n\n<p><strong>De Olho no Cariri<\/strong><\/p>\n\n\n\n<p><em>V\u00eddeo: Jo\u00e3o Dantas<\/em><\/p>\n","protected":false},"excerpt":{"rendered":"<p>URGENTE:&nbsp;Parte da estrutura da ponte do S\u00edtio Curralinho, que fica na PB 186, entre os munic\u00edpios de S\u00e3o Domingos do Cariri e Cara\u00fabas, foi destru\u00edda&hellip; <\/p>\n","protected":false},"author":2,"featured_media":158925,"comment_status":"closed","ping_status":"closed","sticky":false,"template":"","format":"standard","meta":{"sfsi_plus_gutenberg_text_before_share":"","sfsi_plus_gutenberg_show_text_before_share":"","sfsi_plus_gutenberg_icon_type":"","sfsi_plus_gutenberg_icon_alignemt":"","sfsi_plus_gutenburg_max_per_row":"","footnotes":""},"categories":[50,2],"tags":[],"class_list":["post-158924","post","type-post","status-publish","format-standard","has-post-thumbnail","hentry","category-destaque","category-geral"],"_links":{"self":[{"href":"https:\/\/www.caririemacao.com\/1\/wp-json\/wp\/v2\/posts\/158924","targetHints":{"allow":["GET"]}}],"collection":[{"href":"https:\/\/www.caririemacao.com\/1\/wp-json\/wp\/v2\/posts"}],"about":[{"href":"https:\/\/www.caririemacao.com\/1\/wp-json\/wp\/v2\/types\/post"}],"author":[{"embeddable":true,"href":"https:\/\/www.caririemacao.com\/1\/wp-json\/wp\/v2\/users\/2"}],"replies":[{"embeddable":true,"href":"https:\/\/www.caririemacao.com\/1\/wp-json\/wp\/v2\/comments?post=158924"}],"version-history":[{"count":1,"href":"https:\/\/www.caririemacao.com\/1\/wp-json\/wp\/v2\/posts\/158924\/revisions"}],"predecessor-version":[{"id":158926,"href":"https:\/\/www.caririemacao.com\/1\/wp-json\/wp\/v2\/posts\/158924\/revisions\/158926"}],"wp:featuredmedia":[{"embeddable":true,"href":"https:\/\/www.caririemacao.com\/1\/wp-json\/wp\/v2\/media\/158925"}],"wp:attachment":[{"href":"https:\/\/www.caririemacao.com\/1\/wp-json\/wp\/v2\/media?parent=158924"}],"wp:term":[{"taxonomy":"category","embeddable":true,"href":"https:\/\/www.caririemacao.com\/1\/wp-json\/wp\/v2\/categories?post=158924"},{"taxonomy":"post_tag","embeddable":true,"href":"https:\/\/www.caririemacao.com\/1\/wp-json\/wp\/v2\/tags?post=158924"}],"curies":[{"name":"wp","href":"https:\/\/api.w.org\/{rel}","templated":true}]}}