{"id":158940,"date":"2020-03-19T11:25:23","date_gmt":"2020-03-19T14:25:23","guid":{"rendered":"http:\/\/www.caririemacao.com\/1\/?p=158940"},"modified":"2020-03-19T11:25:25","modified_gmt":"2020-03-19T14:25:25","slug":"prefeito-de-amparo-anuncia-decreto-com-medidas-de-prevencao-ao-coronavirus","status":"publish","type":"post","link":"https:\/\/www.caririemacao.com\/1\/2020\/03\/19\/prefeito-de-amparo-anuncia-decreto-com-medidas-de-prevencao-ao-coronavirus\/","title":{"rendered":"Prefeito de Amparo anuncia decreto com medidas de preven\u00e7\u00e3o ao coronav\u00edrus"},"content":{"rendered":"\n<p>A Prefeitura de Amparo lan\u00e7ou um Decreto Municipal dispondo sobre \u201cmedidas urgentes para o enfrentamento da crise mundial de sa\u00fade p\u00fablica, decorrente da infec\u00e7\u00e3o humana, causada pelo Covid-19 (coronav\u00edrus) e d\u00e1 outras provid\u00eancias\u201d.<br>Confira abaixo:<br><\/p>\n\n\n\n<figure class=\"wp-block-image\"><img decoding=\"async\" data-src=\"https:\/\/1.bp.blogspot.com\/-ebKkp-T-aw8\/XnJnsxQnYaI\/AAAAAAABKxM\/iPlg39eOjj0HoFPXrQ0e4pcIuYL7q0uxgCLcBGAsYHQ\/s280\/Edi%25C3%25A7%25C3%25A3o%2BExtraordin%25C3%25A1ria%2B01%2B-%2B18%2Bde%2BMar%25C3%25A7o%2Bde%2B2020%2B-%2BEDI%25C3%2587%25C3%2583O%2BEXTRAORDIN%25C3%2581RIA_page-0001.jpg\" alt=\"\" src=\"data:image\/svg+xml;base64,PHN2ZyB3aWR0aD0iMSIgaGVpZ2h0PSIxIiB4bWxucz0iaHR0cDovL3d3dy53My5vcmcvMjAwMC9zdmciPjwvc3ZnPg==\" class=\"lazyload\" \/><\/figure>\n\n\n\n<figure class=\"wp-block-image\"><img decoding=\"async\" data-src=\"https:\/\/1.bp.blogspot.com\/-2gU2VfWnUQU\/XnJns6uQO3I\/AAAAAAABKxQ\/FMoZA6j56hMVqdeuCxXMutTYX-VuqEwZQCLcBGAsYHQ\/s280\/Edi%25C3%25A7%25C3%25A3o%2BExtraordin%25C3%25A1ria%2B01%2B-%2B18%2Bde%2BMar%25C3%25A7o%2Bde%2B2020%2B-%2BEDI%25C3%2587%25C3%2583O%2BEXTRAORDIN%25C3%2581RIA_page-0002.jpg\" alt=\"\" src=\"data:image\/svg+xml;base64,PHN2ZyB3aWR0aD0iMSIgaGVpZ2h0PSIxIiB4bWxucz0iaHR0cDovL3d3dy53My5vcmcvMjAwMC9zdmciPjwvc3ZnPg==\" class=\"lazyload\" \/><\/figure>\n\n\n\n<figure class=\"wp-block-image\"><img decoding=\"async\" data-src=\"https:\/\/1.bp.blogspot.com\/-AcfwA3kmHvY\/XnJns7vijSI\/AAAAAAABKxU\/zO7-9133oPcmhrjb_vq4qREnwjFOy5pvACLcBGAsYHQ\/s280\/Edi%25C3%25A7%25C3%25A3o%2BExtraordin%25C3%25A1ria%2B01%2B-%2B18%2Bde%2BMar%25C3%25A7o%2Bde%2B2020%2B-%2BEDI%25C3%2587%25C3%2583O%2BEXTRAORDIN%25C3%2581RIA_page-0003.jpg\" alt=\"\" src=\"data:image\/svg+xml;base64,PHN2ZyB3aWR0aD0iMSIgaGVpZ2h0PSIxIiB4bWxucz0iaHR0cDovL3d3dy53My5vcmcvMjAwMC9zdmciPjwvc3ZnPg==\" class=\"lazyload\" \/><\/figure>\n\n\n\n<figure class=\"wp-block-image\"><img decoding=\"async\" data-src=\"https:\/\/1.bp.blogspot.com\/-PyfugwbqVyI\/XnJnuCFnkvI\/AAAAAAABKxY\/w_j1s9eP2qUWIEvfYUyKgu5nGyeh-tpUQCLcBGAsYHQ\/s280\/Edi%25C3%25A7%25C3%25A3o%2BExtraordin%25C3%25A1ria%2B01%2B-%2B18%2Bde%2BMar%25C3%25A7o%2Bde%2B2020%2B-%2BEDI%25C3%2587%25C3%2583O%2BEXTRAORDIN%25C3%2581RIA_page-0004.jpg\" alt=\"\" src=\"data:image\/svg+xml;base64,PHN2ZyB3aWR0aD0iMSIgaGVpZ2h0PSIxIiB4bWxucz0iaHR0cDovL3d3dy53My5vcmcvMjAwMC9zdmciPjwvc3ZnPg==\" class=\"lazyload\" \/><\/figure>\n\n\n\n<p><strong>COM AMPAROLIGADO<\/strong><\/p>\n","protected":false},"excerpt":{"rendered":"<p>A Prefeitura de Amparo lan\u00e7ou um Decreto Municipal dispondo sobre \u201cmedidas urgentes para o enfrentamento da crise mundial de sa\u00fade p\u00fablica, decorrente da infec\u00e7\u00e3o humana,&hellip; <\/p>\n","protected":false},"author":2,"featured_media":36519,"comment_status":"closed","ping_status":"closed","sticky":false,"template":"","format":"standard","meta":{"sfsi_plus_gutenberg_text_before_share":"","sfsi_plus_gutenberg_show_text_before_share":"","sfsi_plus_gutenberg_icon_type":"","sfsi_plus_gutenberg_icon_alignemt":"","sfsi_plus_gutenburg_max_per_row":"","footnotes":""},"categories":[6],"tags":[],"class_list":["post-158940","post","type-post","status-publish","format-standard","has-post-thumbnail","hentry","category-cidades"],"_links":{"self":[{"href":"https:\/\/www.caririemacao.com\/1\/wp-json\/wp\/v2\/posts\/158940","targetHints":{"allow":["GET"]}}],"collection":[{"href":"https:\/\/www.caririemacao.com\/1\/wp-json\/wp\/v2\/posts"}],"about":[{"href":"https:\/\/www.caririemacao.com\/1\/wp-json\/wp\/v2\/types\/post"}],"author":[{"embeddable":true,"href":"https:\/\/www.caririemacao.com\/1\/wp-json\/wp\/v2\/users\/2"}],"replies":[{"embeddable":true,"href":"https:\/\/www.caririemacao.com\/1\/wp-json\/wp\/v2\/comments?post=158940"}],"version-history":[{"count":1,"href":"https:\/\/www.caririemacao.com\/1\/wp-json\/wp\/v2\/posts\/158940\/revisions"}],"predecessor-version":[{"id":158941,"href":"https:\/\/www.caririemacao.com\/1\/wp-json\/wp\/v2\/posts\/158940\/revisions\/158941"}],"wp:featuredmedia":[{"embeddable":true,"href":"https:\/\/www.caririemacao.com\/1\/wp-json\/wp\/v2\/media\/36519"}],"wp:attachment":[{"href":"https:\/\/www.caririemacao.com\/1\/wp-json\/wp\/v2\/media?parent=158940"}],"wp:term":[{"taxonomy":"category","embeddable":true,"href":"https:\/\/www.caririemacao.com\/1\/wp-json\/wp\/v2\/categories?post=158940"},{"taxonomy":"post_tag","embeddable":true,"href":"https:\/\/www.caririemacao.com\/1\/wp-json\/wp\/v2\/tags?post=158940"}],"curies":[{"name":"wp","href":"https:\/\/api.w.org\/{rel}","templated":true}]}}