{"id":158943,"date":"2020-03-19T11:26:45","date_gmt":"2020-03-19T14:26:45","guid":{"rendered":"http:\/\/www.caririemacao.com\/1\/?p=158943"},"modified":"2020-03-19T11:26:47","modified_gmt":"2020-03-19T14:26:47","slug":"por-conta-do-coronavirus-prefeito-de-zabele-cancela-tradicional-festa-do-jegue","status":"publish","type":"post","link":"https:\/\/www.caririemacao.com\/1\/2020\/03\/19\/por-conta-do-coronavirus-prefeito-de-zabele-cancela-tradicional-festa-do-jegue\/","title":{"rendered":"Por conta do coronav\u00edrus, prefeito de Zabel\u00ea cancela tradicional Festa do Jegue"},"content":{"rendered":"\n<p>A Prefeitura Municipal de Zabel\u00ea, seguindo as recomenda\u00e7\u00f5es da OMS (Organiza\u00e7\u00e3o Mundial de Sa\u00fade) e obedecendo ao decreto estadual que recomenda cancelamento de eventos em massa pelos pr\u00f3ximos 90 dias, decidiu suspender a 20\u00aa edi\u00e7\u00e3o da Festa do Jegue.<\/p>\n\n\n\n<p>Uma das mais tradicionais festas da regi\u00e3o do Cariri, o evento era bastante aguardado e j\u00e1 tinha sua programa\u00e7\u00e3o definida e anunciada. A Prefeitura de Zabel\u00ea havia contratado o show do cantor Mano Walter, Cavaleiros do Forr\u00f3, Vicente Nery e Caninana e a festa ocorreria entre os dias 02 e 03 de maio.<\/p>\n\n\n\n<p>O prefeito Dalyson Neves disse que n\u00e3o havia sentido em, fazer a festa com as restri\u00e7\u00f5es determinadas pelos \u00f3rg\u00e3os colegiados de sa\u00fade e o pr\u00f3prio Governo do Estado e pediu a todos que intensifiquem as medidas de preven\u00e7\u00e3o, para que logo mais a festa possa ser realizada.<\/p>\n\n\n\n<p>O prefeito n\u00e3o confirmou se o evento ser\u00e1 ou n\u00e3o remarcado ainda para este ano.<\/p>\n\n\n\n<p><strong>De Olho no Cariri<\/strong><\/p>\n","protected":false},"excerpt":{"rendered":"<p>A Prefeitura Municipal de Zabel\u00ea, seguindo as recomenda\u00e7\u00f5es da OMS (Organiza\u00e7\u00e3o Mundial de Sa\u00fade) e obedecendo ao decreto estadual que recomenda cancelamento de eventos em&hellip; <\/p>\n","protected":false},"author":2,"featured_media":158944,"comment_status":"closed","ping_status":"closed","sticky":false,"template":"","format":"standard","meta":{"sfsi_plus_gutenberg_text_before_share":"","sfsi_plus_gutenberg_show_text_before_share":"","sfsi_plus_gutenberg_icon_type":"","sfsi_plus_gutenberg_icon_alignemt":"","sfsi_plus_gutenburg_max_per_row":"","footnotes":""},"categories":[2],"tags":[],"class_list":["post-158943","post","type-post","status-publish","format-standard","has-post-thumbnail","hentry","category-geral"],"_links":{"self":[{"href":"https:\/\/www.caririemacao.com\/1\/wp-json\/wp\/v2\/posts\/158943","targetHints":{"allow":["GET"]}}],"collection":[{"href":"https:\/\/www.caririemacao.com\/1\/wp-json\/wp\/v2\/posts"}],"about":[{"href":"https:\/\/www.caririemacao.com\/1\/wp-json\/wp\/v2\/types\/post"}],"author":[{"embeddable":true,"href":"https:\/\/www.caririemacao.com\/1\/wp-json\/wp\/v2\/users\/2"}],"replies":[{"embeddable":true,"href":"https:\/\/www.caririemacao.com\/1\/wp-json\/wp\/v2\/comments?post=158943"}],"version-history":[{"count":1,"href":"https:\/\/www.caririemacao.com\/1\/wp-json\/wp\/v2\/posts\/158943\/revisions"}],"predecessor-version":[{"id":158945,"href":"https:\/\/www.caririemacao.com\/1\/wp-json\/wp\/v2\/posts\/158943\/revisions\/158945"}],"wp:featuredmedia":[{"embeddable":true,"href":"https:\/\/www.caririemacao.com\/1\/wp-json\/wp\/v2\/media\/158944"}],"wp:attachment":[{"href":"https:\/\/www.caririemacao.com\/1\/wp-json\/wp\/v2\/media?parent=158943"}],"wp:term":[{"taxonomy":"category","embeddable":true,"href":"https:\/\/www.caririemacao.com\/1\/wp-json\/wp\/v2\/categories?post=158943"},{"taxonomy":"post_tag","embeddable":true,"href":"https:\/\/www.caririemacao.com\/1\/wp-json\/wp\/v2\/tags?post=158943"}],"curies":[{"name":"wp","href":"https:\/\/api.w.org\/{rel}","templated":true}]}}