{"id":158948,"date":"2020-03-19T11:28:54","date_gmt":"2020-03-19T14:28:54","guid":{"rendered":"http:\/\/www.caririemacao.com\/1\/?p=158948"},"modified":"2020-03-19T11:28:56","modified_gmt":"2020-03-19T14:28:56","slug":"policia-civil-da-paraiba-suspende-registro-de-ocorrencias-simples-em-delegacias","status":"publish","type":"post","link":"https:\/\/www.caririemacao.com\/1\/2020\/03\/19\/policia-civil-da-paraiba-suspende-registro-de-ocorrencias-simples-em-delegacias\/","title":{"rendered":"Pol\u00edcia Civil da Para\u00edba suspende registro de ocorr\u00eancias simples em delegacias"},"content":{"rendered":"\n<p>A Pol\u00edcia Civil suspendeu o registro presencial em delegacias de ocorr\u00eancias simples, que n\u00e3o tiverem uso de viol\u00eancia. A medida foi divulgada na dessa quarta-feira (18) em portaria ajustando servi\u00e7os prestados por servidores e delegacias para prevenir a contamina\u00e7\u00e3o pelo novo coronav\u00edrus.<\/p>\n\n\n\n<p>Com isso, perdas e extravios de objetos e documentos, acidentes de tr\u00e2nsito sem v\u00edtima e furtos somente ser\u00e3o registrados pelo site www.delegaciaonline.pb.gov.br<\/p>\n\n\n\n<p>Esse servi\u00e7o ser\u00e1 ampliado a partir de segunda-feira (23), quando ocorr\u00eancias de qualquer natureza tamb\u00e9m passar\u00e3o a ser registradas virtualmente, desde que n\u00e3o sejam urgentes .<\/p>\n\n\n\n<p>No entanto, as a\u00e7\u00f5es que necessitam da r\u00e1pida interven\u00e7\u00e3o da pol\u00edcia continuar\u00e3o sendo atendidas normalmente pelas delegacias f\u00edsicas.<\/p>\n\n\n\n<p>Est\u00e3o nessa lista os casos de morte e que necessitem da remo\u00e7\u00e3o de cad\u00e1veres, de viol\u00eancia dom\u00e9stica e de crimes contra crian\u00e7as e adolescentes, estupros , c\u00e1rcere privado , sequestros , roubo e furto de ve\u00edculos, cumprimento de ordens judiciais e pris\u00f5es em flagrante delito ou apreens\u00e3o de adolescentes infratores.<\/p>\n\n\n\n<p>A portaria ainda pro\u00edbe viagem a trabalho de policiais para \u00e1reas com risco de contamina\u00e7\u00e3o da doen\u00e7a e orienta tamb\u00e9m que o servidor fique 14 dias em casa, ap\u00f3s voltar de viagem particular feita a algum local afetado pela pandemia.<\/p>\n\n\n\n<p>A portaria ainda recomenda que policiais com gripe ou resfriado n\u00e3o transitem nas instala\u00e7\u00f5es da PC. Servidores que tenham 60 anos de idade ou doen\u00e7as cr\u00f4nicas poder\u00e3o trabalhar de casa ou compensar os hor\u00e1rios posteriormente.<\/p>\n\n\n\n<p>Chefes de setores est\u00e3o autorizados a fazer escalas para reduzir a quantidade de servidores nas unidades policiais sem prejudicar os trabalhos.<\/p>\n\n\n\n<p>Cursos, treinamentos e qualquer evento de aglomera\u00e7\u00e3o de pessoas est\u00e3o proibidos e janelas dos ve\u00edculos e salas devem permanecer abertas para aumentar a circula\u00e7\u00e3o do ar.<\/p>\n\n\n\n<p>Segundo o delegado geral da Pol\u00edcia Civil da Para\u00edba, Isa\u00edas Gualberto, as normas est\u00e3o alinhadas com o decreto publicado pelo Governo da Para\u00edba, divulgado nesta semana com objetivo de inibir a prolifera\u00e7\u00e3o de pandemia no Estado.<\/p>\n\n\n\n<p><em>Mais PB<\/em><\/p>\n","protected":false},"excerpt":{"rendered":"<p>A Pol\u00edcia Civil suspendeu o registro presencial em delegacias de ocorr\u00eancias simples, que n\u00e3o tiverem uso de viol\u00eancia. A medida foi divulgada na dessa quarta-feira&hellip; <\/p>\n","protected":false},"author":2,"featured_media":101675,"comment_status":"closed","ping_status":"closed","sticky":false,"template":"","format":"standard","meta":{"sfsi_plus_gutenberg_text_before_share":"","sfsi_plus_gutenberg_show_text_before_share":"","sfsi_plus_gutenberg_icon_type":"","sfsi_plus_gutenberg_icon_alignemt":"","sfsi_plus_gutenburg_max_per_row":"","footnotes":""},"categories":[50,12],"tags":[],"class_list":["post-158948","post","type-post","status-publish","format-standard","has-post-thumbnail","hentry","category-destaque","category-policia"],"_links":{"self":[{"href":"https:\/\/www.caririemacao.com\/1\/wp-json\/wp\/v2\/posts\/158948","targetHints":{"allow":["GET"]}}],"collection":[{"href":"https:\/\/www.caririemacao.com\/1\/wp-json\/wp\/v2\/posts"}],"about":[{"href":"https:\/\/www.caririemacao.com\/1\/wp-json\/wp\/v2\/types\/post"}],"author":[{"embeddable":true,"href":"https:\/\/www.caririemacao.com\/1\/wp-json\/wp\/v2\/users\/2"}],"replies":[{"embeddable":true,"href":"https:\/\/www.caririemacao.com\/1\/wp-json\/wp\/v2\/comments?post=158948"}],"version-history":[{"count":1,"href":"https:\/\/www.caririemacao.com\/1\/wp-json\/wp\/v2\/posts\/158948\/revisions"}],"predecessor-version":[{"id":158949,"href":"https:\/\/www.caririemacao.com\/1\/wp-json\/wp\/v2\/posts\/158948\/revisions\/158949"}],"wp:featuredmedia":[{"embeddable":true,"href":"https:\/\/www.caririemacao.com\/1\/wp-json\/wp\/v2\/media\/101675"}],"wp:attachment":[{"href":"https:\/\/www.caririemacao.com\/1\/wp-json\/wp\/v2\/media?parent=158948"}],"wp:term":[{"taxonomy":"category","embeddable":true,"href":"https:\/\/www.caririemacao.com\/1\/wp-json\/wp\/v2\/categories?post=158948"},{"taxonomy":"post_tag","embeddable":true,"href":"https:\/\/www.caririemacao.com\/1\/wp-json\/wp\/v2\/tags?post=158948"}],"curies":[{"name":"wp","href":"https:\/\/api.w.org\/{rel}","templated":true}]}}