{"id":158953,"date":"2020-03-19T13:08:05","date_gmt":"2020-03-19T16:08:05","guid":{"rendered":"http:\/\/www.caririemacao.com\/1\/?p=158953"},"modified":"2020-03-19T13:08:07","modified_gmt":"2020-03-19T16:08:07","slug":"acusado-de-assalto-a-caminhao-e-capturado-pela-pm","status":"publish","type":"post","link":"https:\/\/www.caririemacao.com\/1\/2020\/03\/19\/acusado-de-assalto-a-caminhao-e-capturado-pela-pm\/","title":{"rendered":"Acusado de assalto a caminh\u00e3o \u00e9 capturado pela PM"},"content":{"rendered":"\n<p>Por volta das 07hmin da \u00faltima quarta-feira 18, em uma a\u00e7\u00e3o em conjunta com policiais do 11\u00ba Batalh\u00e3o de Pol\u00edcia Militar e Guarda Municipal de Jata\u00faba, foi capturado um dos acusados de ter praticado o assalto ao caminh\u00e3o ba\u00fa no cariri, na ultima ter\u00e7a feira dia 17. <\/p>\n\n\n\n<p>Ap\u00f3s diversas diligencias na \u00e1rea onde os acusados se homiziaram (mata fechada) as guarni\u00e7\u00f5es no amanhecer do dia, encontraram um dos acusados de ter praticado o assalto, o mesmo estava escondido dentro da mata, e portando uma arma de fogo.<\/p>\n\n\n\n<p>O acusado detido informou aos policiais um suposto local que provavelmente os acusados estariam escondidos, e ao chegar no local, foi encontrada uma arma de fogo jogada no ch\u00e3o. A guarni\u00e7\u00e3o ao voltar para o local inicial, onde os meliantes estavam retirando a carga do caminh\u00e3o roubado, localizado no Distrito de Barreiras (Cara\u00fabas), encontraram outra arma utilizada no assalto no mato. <\/p>\n\n\n\n<p>O acusado e as armas foram encaminhados para a Delegacia de Pol\u00edcia Civil de Monteiro-PB para as provid\u00eancias cab\u00edveis. <\/p>\n","protected":false},"excerpt":{"rendered":"<p>Por volta das 07hmin da \u00faltima quarta-feira 18, em uma a\u00e7\u00e3o em conjunta com policiais do 11\u00ba Batalh\u00e3o de Pol\u00edcia Militar e Guarda Municipal de&hellip; <\/p>\n","protected":false},"author":1,"featured_media":158954,"comment_status":"closed","ping_status":"closed","sticky":false,"template":"","format":"standard","meta":{"sfsi_plus_gutenberg_text_before_share":"","sfsi_plus_gutenberg_show_text_before_share":"","sfsi_plus_gutenberg_icon_type":"","sfsi_plus_gutenberg_icon_alignemt":"","sfsi_plus_gutenburg_max_per_row":"","footnotes":""},"categories":[50,12],"tags":[],"class_list":["post-158953","post","type-post","status-publish","format-standard","has-post-thumbnail","hentry","category-destaque","category-policia"],"_links":{"self":[{"href":"https:\/\/www.caririemacao.com\/1\/wp-json\/wp\/v2\/posts\/158953","targetHints":{"allow":["GET"]}}],"collection":[{"href":"https:\/\/www.caririemacao.com\/1\/wp-json\/wp\/v2\/posts"}],"about":[{"href":"https:\/\/www.caririemacao.com\/1\/wp-json\/wp\/v2\/types\/post"}],"author":[{"embeddable":true,"href":"https:\/\/www.caririemacao.com\/1\/wp-json\/wp\/v2\/users\/1"}],"replies":[{"embeddable":true,"href":"https:\/\/www.caririemacao.com\/1\/wp-json\/wp\/v2\/comments?post=158953"}],"version-history":[{"count":1,"href":"https:\/\/www.caririemacao.com\/1\/wp-json\/wp\/v2\/posts\/158953\/revisions"}],"predecessor-version":[{"id":158955,"href":"https:\/\/www.caririemacao.com\/1\/wp-json\/wp\/v2\/posts\/158953\/revisions\/158955"}],"wp:featuredmedia":[{"embeddable":true,"href":"https:\/\/www.caririemacao.com\/1\/wp-json\/wp\/v2\/media\/158954"}],"wp:attachment":[{"href":"https:\/\/www.caririemacao.com\/1\/wp-json\/wp\/v2\/media?parent=158953"}],"wp:term":[{"taxonomy":"category","embeddable":true,"href":"https:\/\/www.caririemacao.com\/1\/wp-json\/wp\/v2\/categories?post=158953"},{"taxonomy":"post_tag","embeddable":true,"href":"https:\/\/www.caririemacao.com\/1\/wp-json\/wp\/v2\/tags?post=158953"}],"curies":[{"name":"wp","href":"https:\/\/api.w.org\/{rel}","templated":true}]}}