{"id":158957,"date":"2020-03-19T17:23:16","date_gmt":"2020-03-19T20:23:16","guid":{"rendered":"http:\/\/www.caririemacao.com\/1\/?p=158957"},"modified":"2020-03-19T17:23:18","modified_gmt":"2020-03-19T20:23:18","slug":"camalau-completa-em-58-anos-de-emancipacao-prefeito-adia-festa-em-virtude-do-coronavirus-e-anuncia-acoes-e-beneficios","status":"publish","type":"post","link":"https:\/\/www.caririemacao.com\/1\/2020\/03\/19\/camalau-completa-em-58-anos-de-emancipacao-prefeito-adia-festa-em-virtude-do-coronavirus-e-anuncia-acoes-e-beneficios\/","title":{"rendered":"Camala\u00fa completa em 58 anos de emancipa\u00e7\u00e3o. Prefeito adia festa em virtude do Coronav\u00edrus e anuncia a\u00e7\u00f5es e benef\u00edcios"},"content":{"rendered":"\n<figure class=\"wp-block-image\"><a href=\"https:\/\/1.bp.blogspot.com\/-0PsE-ZfqLi0\/XnPIPkJlAsI\/AAAAAAAAHvc\/YGSnFJF9GtUcXRAg5KbtRAUUvc08EZ9mACLcBGAsYHQ\/s1600\/z.jpg\"><img decoding=\"async\" data-src=\"https:\/\/1.bp.blogspot.com\/-0PsE-ZfqLi0\/XnPIPkJlAsI\/AAAAAAAAHvc\/YGSnFJF9GtUcXRAg5KbtRAUUvc08EZ9mACLcBGAsYHQ\/s280\/z.jpg\" alt=\"\" src=\"data:image\/svg+xml;base64,PHN2ZyB3aWR0aD0iMSIgaGVpZ2h0PSIxIiB4bWxucz0iaHR0cDovL3d3dy53My5vcmcvMjAwMC9zdmciPjwvc3ZnPg==\" class=\"lazyload\" \/><\/a><\/figure>\n\n\n\n<p>A cidade de Camala\u00fa completa nesta quinta feira, 19, 58 anos de emancipa\u00e7\u00e3o pol\u00edtica.<\/p>\n\n\n\n<p><br>Em virtude das orienta\u00e7\u00f5es dos \u00f3rg\u00e3os de sa\u00fade mundiais, nacionais e estaduais, de forma acertada o prefeito Sandro M\u00f4co resolveu cancelar a festa em pra\u00e7a p\u00fablica que seria realizada na noite desta quarta feira, 18, decis\u00e3o bastante elogiada pela pr\u00f3pria popula\u00e7\u00e3o.<\/p>\n\n\n\n<p><br>Tamb\u00e9m em virtude da s\u00e9rie de medidas de precau\u00e7\u00e3o e conten\u00e7\u00e3o adotadas, n\u00e3o h\u00e1 maiores festividades nesta quinta feira, e nem as cerimonias de costume nesta data, para evitar justamente a aglomera\u00e7\u00e3o de pessoas em locais p\u00fablicos, o que tamb\u00e9m foi uma decis\u00e3o extremamente acertada.<\/p>\n\n\n\n<p><br><strong>BOAS NOT\u00cdCIAS<\/strong><\/p>\n\n\n\n<p><br>O prefeito utilizou as redes sociais e as emissoras de r\u00e1dio para parabenizar o munic\u00edpio e sua popula\u00e7\u00e3o, e tamb\u00e9m para anunciar a\u00e7\u00f5es e obras relevantes que est\u00e3o sendo realizadas.<\/p>\n\n\n\n<p><br>Entre elas, o prefeito confirmou a entrega de alguns ve\u00edculos que v\u00e3o beneficiar ao homem do campo, e que devem ser realizadas nesta sexta feira, 20, \u00e0 exemplo de dois tratores.<\/p>\n\n\n\n<p><br>Sandro M\u00f4co disse que neste momento, o melhor \u00e9 priorizar e se preocupar com a sa\u00fade dos camalauenses, e que as festividades ficar\u00e3o para outro momento.<br>Quanto ao trabalho que vem sendo realizado pela gest\u00e3o, com a execu\u00e7\u00e3o de v\u00e1rias obras em todos os recantos do munic\u00edpio, Sandro afirmou que vai buscar a manuten\u00e7\u00e3o dentro do poss\u00edvel do m\u00e1ximo de a\u00e7\u00f5es em prol da popula\u00e7\u00e3o nestes pr\u00f3ximos dias.<\/p>\n\n\n\n<p><br><strong>F\u00c1BIO BRITO<\/strong><\/p>\n","protected":false},"excerpt":{"rendered":"<p>A cidade de Camala\u00fa completa nesta quinta feira, 19, 58 anos de emancipa\u00e7\u00e3o pol\u00edtica. Em virtude das orienta\u00e7\u00f5es dos \u00f3rg\u00e3os de sa\u00fade mundiais, nacionais e&hellip; <\/p>\n","protected":false},"author":2,"featured_media":52127,"comment_status":"closed","ping_status":"closed","sticky":false,"template":"","format":"standard","meta":{"sfsi_plus_gutenberg_text_before_share":"","sfsi_plus_gutenberg_show_text_before_share":"","sfsi_plus_gutenberg_icon_type":"","sfsi_plus_gutenberg_icon_alignemt":"","sfsi_plus_gutenburg_max_per_row":"","footnotes":""},"categories":[6],"tags":[],"class_list":["post-158957","post","type-post","status-publish","format-standard","has-post-thumbnail","hentry","category-cidades"],"_links":{"self":[{"href":"https:\/\/www.caririemacao.com\/1\/wp-json\/wp\/v2\/posts\/158957","targetHints":{"allow":["GET"]}}],"collection":[{"href":"https:\/\/www.caririemacao.com\/1\/wp-json\/wp\/v2\/posts"}],"about":[{"href":"https:\/\/www.caririemacao.com\/1\/wp-json\/wp\/v2\/types\/post"}],"author":[{"embeddable":true,"href":"https:\/\/www.caririemacao.com\/1\/wp-json\/wp\/v2\/users\/2"}],"replies":[{"embeddable":true,"href":"https:\/\/www.caririemacao.com\/1\/wp-json\/wp\/v2\/comments?post=158957"}],"version-history":[{"count":1,"href":"https:\/\/www.caririemacao.com\/1\/wp-json\/wp\/v2\/posts\/158957\/revisions"}],"predecessor-version":[{"id":158958,"href":"https:\/\/www.caririemacao.com\/1\/wp-json\/wp\/v2\/posts\/158957\/revisions\/158958"}],"wp:featuredmedia":[{"embeddable":true,"href":"https:\/\/www.caririemacao.com\/1\/wp-json\/wp\/v2\/media\/52127"}],"wp:attachment":[{"href":"https:\/\/www.caririemacao.com\/1\/wp-json\/wp\/v2\/media?parent=158957"}],"wp:term":[{"taxonomy":"category","embeddable":true,"href":"https:\/\/www.caririemacao.com\/1\/wp-json\/wp\/v2\/categories?post=158957"},{"taxonomy":"post_tag","embeddable":true,"href":"https:\/\/www.caririemacao.com\/1\/wp-json\/wp\/v2\/tags?post=158957"}],"curies":[{"name":"wp","href":"https:\/\/api.w.org\/{rel}","templated":true}]}}