{"id":158962,"date":"2020-03-19T17:26:31","date_gmt":"2020-03-19T20:26:31","guid":{"rendered":"http:\/\/www.caririemacao.com\/1\/?p=158962"},"modified":"2020-03-19T17:26:32","modified_gmt":"2020-03-19T20:26:32","slug":"coronavirus-infectologista-aponta-quais-anti-inflamatorios-sao-mais-indicados","status":"publish","type":"post","link":"https:\/\/www.caririemacao.com\/1\/2020\/03\/19\/coronavirus-infectologista-aponta-quais-anti-inflamatorios-sao-mais-indicados\/","title":{"rendered":"Coronav\u00edrus: infectologista aponta quais anti-inflamat\u00f3rios s\u00e3o mais indicados"},"content":{"rendered":"\n<p><br>Uma pesquisa apresentada pela revista cient\u00edfica \u2018The Lancet\u2019 levou a Organiza\u00e7\u00e3o Mundial de Sa\u00fade (OMS) a recomendar que pacientes com suspeita de infec\u00e7\u00e3o pelo novo coronav\u00edrus (Covid-19) n\u00e3o devem usar ibuprofeno.<\/p>\n\n\n\n<p>A suspeita \u00e9 que o medicamento pode agravar quadro cl\u00ednico de indiv\u00edduos com a enfermidade. O Minist\u00e9rio da Sa\u00fade tamb\u00e9m emitiu uma nota t\u00e9cnica alertando sobre o uso do medicamento. Diante de tal afirmativa, o m\u00e9dico infectologista do Hospital do Hapvida em Jo\u00e3o Pessoa, Fernando Chagas, explica quais os motivos desse poss\u00edvel agravamento.<\/p>\n\n\n\n<p>\u201cO estudo sugere que o medicamento apresente como caracter\u00edstica perigosa a capacidade de aumentar a quantidade de receptores no corpo da pessoa, que s\u00e3o os receptores eca2, que \u00e9 por onde o v\u00edrus entra. Com o aumento desses receptores a pessoa que tem contato com o v\u00edrus da Covid-19, consequentemente, poderia receber uma quantidade de v\u00edrus maior e at\u00e9 mesmo aumentar o risco de evoluir para uma forma grave da doen\u00e7a\u201d, esclarece.<\/p>\n\n\n\n<figure class=\"wp-block-image\"><img decoding=\"async\" data-src=\"https:\/\/paraibaonline.com.br\/wp-content\/uploads\/2020\/03\/fernando-chagas1903.jpg\" alt=\"Foto: Ascom\" class=\"wp-image-844337 lazyload\" src=\"data:image\/svg+xml;base64,PHN2ZyB3aWR0aD0iMSIgaGVpZ2h0PSIxIiB4bWxucz0iaHR0cDovL3d3dy53My5vcmcvMjAwMC9zdmciPjwvc3ZnPg==\" \/><\/figure>\n\n\n\n<p>Foto: Ascom<\/p>\n\n\n\n<p>O especialista (foto) ressalta que existem outras medica\u00e7\u00f5es com efeito anti-inflamat\u00f3rio que podem ser usados de modo a contribuir com o tratamento da Covid-19 e destaca quais outros rem\u00e9dios, al\u00e9m do ibuprofeno, n\u00e3o s\u00e3o indicados.<\/p>\n\n\n\n<p>\u201cSe um indiv\u00edduo apresenta sintomas gripais deve evitar o uso de anti-inflamat\u00f3rio, dentre os quais, o ibuprofeno. Ent\u00e3o medicamentos j\u00e1 utilizados como dipirona, paracetamol, os destinados a alergias. Por\u00e9m, o mais interessante \u00e9 que a pessoa tenha repouso e boa alimenta\u00e7\u00e3o\u201d.<\/p>\n\n\n\n<p>J\u00e1 em rela\u00e7\u00e3o \u00e0s pessoas que fazem o uso de corticoides ou qualquer outra subst\u00e2ncia medicamentosa que faz parte de um tratamento anterior, Fernando Chagas assegura que a medica\u00e7\u00e3o deve permanecer sendo utilizada e esta s\u00f3 pode ser suspensa segundo orienta\u00e7\u00e3o m\u00e9dica, que j\u00e1 acompanha o caso.<\/p>\n\n\n\n<p>Em termos de medica\u00e7\u00f5es, o infectologista Fernando Chagas assegura que algumas subst\u00e2ncias podem agravar o quadro cl\u00ednico, principalmente, das pessoas que se enquadram no grupo de risco, que \u00e9 composto por idosos, hipertensos, diab\u00e9ticos e doen\u00e7as cr\u00f4nicas.<\/p>\n\n\n\n<p>\u201cSe as pessoas que integram o grupo de risco fizerem uso do ibuprofeno aumenta ainda mais as possibilidades de ir para um quadro grave. Sem contar que esta medica\u00e7\u00e3o faz parte de uma classe de medicamentos que chamamos de anti-inflamat\u00f3rios n\u00e3o esteroidais, que atacam o estomago e podem causar inj\u00faria renal\u201d, frisa.<\/p>\n\n\n\n<p>Por fim, o especialista aconselha que antes do uso de qualquer medica\u00e7\u00e3o o ideal \u00e9 passar por uma consulta m\u00e9dica para saber quais subst\u00e2ncias medicamentosas podem ser ingeridas, obviamente, evitar o ibuprofeno e tomar as devidas medidas para evitar contrair o v\u00edrus.<\/p>\n","protected":false},"excerpt":{"rendered":"<p>Uma pesquisa apresentada pela revista cient\u00edfica \u2018The Lancet\u2019 levou a Organiza\u00e7\u00e3o Mundial de Sa\u00fade (OMS) a recomendar que pacientes com suspeita de infec\u00e7\u00e3o pelo novo&hellip; <\/p>\n","protected":false},"author":2,"featured_media":152799,"comment_status":"closed","ping_status":"closed","sticky":false,"template":"","format":"standard","meta":{"sfsi_plus_gutenberg_text_before_share":"","sfsi_plus_gutenberg_show_text_before_share":"","sfsi_plus_gutenberg_icon_type":"","sfsi_plus_gutenberg_icon_alignemt":"","sfsi_plus_gutenburg_max_per_row":"","footnotes":""},"categories":[16],"tags":[],"class_list":["post-158962","post","type-post","status-publish","format-standard","has-post-thumbnail","hentry","category-saude"],"_links":{"self":[{"href":"https:\/\/www.caririemacao.com\/1\/wp-json\/wp\/v2\/posts\/158962","targetHints":{"allow":["GET"]}}],"collection":[{"href":"https:\/\/www.caririemacao.com\/1\/wp-json\/wp\/v2\/posts"}],"about":[{"href":"https:\/\/www.caririemacao.com\/1\/wp-json\/wp\/v2\/types\/post"}],"author":[{"embeddable":true,"href":"https:\/\/www.caririemacao.com\/1\/wp-json\/wp\/v2\/users\/2"}],"replies":[{"embeddable":true,"href":"https:\/\/www.caririemacao.com\/1\/wp-json\/wp\/v2\/comments?post=158962"}],"version-history":[{"count":1,"href":"https:\/\/www.caririemacao.com\/1\/wp-json\/wp\/v2\/posts\/158962\/revisions"}],"predecessor-version":[{"id":158963,"href":"https:\/\/www.caririemacao.com\/1\/wp-json\/wp\/v2\/posts\/158962\/revisions\/158963"}],"wp:featuredmedia":[{"embeddable":true,"href":"https:\/\/www.caririemacao.com\/1\/wp-json\/wp\/v2\/media\/152799"}],"wp:attachment":[{"href":"https:\/\/www.caririemacao.com\/1\/wp-json\/wp\/v2\/media?parent=158962"}],"wp:term":[{"taxonomy":"category","embeddable":true,"href":"https:\/\/www.caririemacao.com\/1\/wp-json\/wp\/v2\/categories?post=158962"},{"taxonomy":"post_tag","embeddable":true,"href":"https:\/\/www.caririemacao.com\/1\/wp-json\/wp\/v2\/tags?post=158962"}],"curies":[{"name":"wp","href":"https:\/\/api.w.org\/{rel}","templated":true}]}}