{"id":158968,"date":"2020-03-19T17:31:13","date_gmt":"2020-03-19T20:31:13","guid":{"rendered":"http:\/\/www.caririemacao.com\/1\/?p=158968"},"modified":"2020-03-19T17:31:14","modified_gmt":"2020-03-19T20:31:14","slug":"abono-salarial-do-pis-pasep-comeca-a-ser-pago","status":"publish","type":"post","link":"https:\/\/www.caririemacao.com\/1\/2020\/03\/19\/abono-salarial-do-pis-pasep-comeca-a-ser-pago\/","title":{"rendered":"Abono salarial do PIS\/Pasep come\u00e7a a ser pago"},"content":{"rendered":"\n<p>Os \u00faltimos benefici\u00e1rios do calend\u00e1rio 2019\/2020 dos programas de Integra\u00e7\u00e3o Social (PIS) e de Forma\u00e7\u00e3o do Patrim\u00f4nio do Servidor P\u00fablico (Pasep) recebem o abono salarial a partir de hoje (19). O prazo m\u00e1ximo para sacar os recursos \u00e9 30 de junho de 2020.<\/p>\n\n\n\n<p>Quem \u00e9 cliente da Caixa Econ\u00f4mica Federal ou do Banco do Brasil recebeu os recursos por meio de cr\u00e9dito autom\u00e1tico no \u00faltimo dia 17.<\/p>\n\n\n\n<p>O pagamento do PIS para trabalhadores da iniciativa privada \u00e9 feito pela Caixa, e do Pasep, para servidores p\u00fablicos, pelo Banco do Brasil.<\/p>\n\n\n\n<p>O \u00faltimo lote do atual calend\u00e1rio foi liberado para os trabalhadores nascidos em maio e junho, no caso do PIS.<\/p>\n\n\n\n<p>Para os servidores, o pagamento foi liberado para aqueles com inscri\u00e7\u00e3o final 8 e 9.<\/p>\n\n\n\n<p>Os valores variam de R$ 88 a R$ 1.045, de acordo com a quantidade de dias trabalhados durante o ano base 2018.<\/p>\n\n\n\n<p>Os pagamentos s\u00e3o escalonados conforme o m\u00eas de nascimento do trabalhador e tiveram in\u00edcio em julho de 2019, com os nascidos naquele m\u00eas.<\/p>\n\n\n\n<p>A estimativa \u00e9 de que sejam destinados R$ 19,3 bilh\u00f5es a 23,6 milh\u00f5es de trabalhadores, em todo o calend\u00e1rio do PIS\/Pasep.<\/p>\n","protected":false},"excerpt":{"rendered":"<p>Os \u00faltimos benefici\u00e1rios do calend\u00e1rio 2019\/2020 dos programas de Integra\u00e7\u00e3o Social (PIS) e de Forma\u00e7\u00e3o do Patrim\u00f4nio do Servidor P\u00fablico (Pasep) recebem o abono salarial&hellip; <\/p>\n","protected":false},"author":2,"featured_media":105203,"comment_status":"closed","ping_status":"closed","sticky":false,"template":"","format":"standard","meta":{"sfsi_plus_gutenberg_text_before_share":"","sfsi_plus_gutenberg_show_text_before_share":"","sfsi_plus_gutenberg_icon_type":"","sfsi_plus_gutenberg_icon_alignemt":"","sfsi_plus_gutenburg_max_per_row":"","footnotes":""},"categories":[2],"tags":[],"class_list":["post-158968","post","type-post","status-publish","format-standard","has-post-thumbnail","hentry","category-geral"],"_links":{"self":[{"href":"https:\/\/www.caririemacao.com\/1\/wp-json\/wp\/v2\/posts\/158968","targetHints":{"allow":["GET"]}}],"collection":[{"href":"https:\/\/www.caririemacao.com\/1\/wp-json\/wp\/v2\/posts"}],"about":[{"href":"https:\/\/www.caririemacao.com\/1\/wp-json\/wp\/v2\/types\/post"}],"author":[{"embeddable":true,"href":"https:\/\/www.caririemacao.com\/1\/wp-json\/wp\/v2\/users\/2"}],"replies":[{"embeddable":true,"href":"https:\/\/www.caririemacao.com\/1\/wp-json\/wp\/v2\/comments?post=158968"}],"version-history":[{"count":1,"href":"https:\/\/www.caririemacao.com\/1\/wp-json\/wp\/v2\/posts\/158968\/revisions"}],"predecessor-version":[{"id":158969,"href":"https:\/\/www.caririemacao.com\/1\/wp-json\/wp\/v2\/posts\/158968\/revisions\/158969"}],"wp:featuredmedia":[{"embeddable":true,"href":"https:\/\/www.caririemacao.com\/1\/wp-json\/wp\/v2\/media\/105203"}],"wp:attachment":[{"href":"https:\/\/www.caririemacao.com\/1\/wp-json\/wp\/v2\/media?parent=158968"}],"wp:term":[{"taxonomy":"category","embeddable":true,"href":"https:\/\/www.caririemacao.com\/1\/wp-json\/wp\/v2\/categories?post=158968"},{"taxonomy":"post_tag","embeddable":true,"href":"https:\/\/www.caririemacao.com\/1\/wp-json\/wp\/v2\/tags?post=158968"}],"curies":[{"name":"wp","href":"https:\/\/api.w.org\/{rel}","templated":true}]}}