{"id":158975,"date":"2020-03-19T17:37:27","date_gmt":"2020-03-19T20:37:27","guid":{"rendered":"http:\/\/www.caririemacao.com\/1\/?p=158975"},"modified":"2020-03-19T17:37:30","modified_gmt":"2020-03-19T20:37:30","slug":"prefeitura-de-sume-segue-firme-no-combate-ao-coronavirus","status":"publish","type":"post","link":"https:\/\/www.caririemacao.com\/1\/2020\/03\/19\/prefeitura-de-sume-segue-firme-no-combate-ao-coronavirus\/","title":{"rendered":"Prefeitura de Sum\u00e9 segue firme no combate ao coronav\u00edrus"},"content":{"rendered":"\n<p>A Prefeitura de Sum\u00e9 vem intensificando algumas a\u00e7\u00f5es na sa\u00fade municipal com o objetivo de conter a prolifera\u00e7\u00e3o do coronav\u00edrus, causador da doen\u00e7a Covid-19. Desde que tomou conhecimento da gravidade da situa\u00e7\u00e3o, o prefeito \u00c9den Duarte, em conjunto com o corpo t\u00e9cnico da sa\u00fade p\u00fablica local, adotou medidas preventivas para que a popula\u00e7\u00e3o de Sum\u00e9 n\u00e3o seja afetada com esse mal.<\/p>\n\n\n\n<p>Esta semana, o Governo Municipal divulgou decreto com as principais medidas que alteram a rotina na cidade. Os profissionais da sa\u00fade est\u00e3o sendo treinados e habilitados para lidar com a quest\u00e3o. Campanhas de esclarecimentos \u00e0 popula\u00e7\u00e3o est\u00e3o sendo desenvolvidas pela equipe de comunica\u00e7\u00e3o da Prefeitura e divulgadas nos principais meios de comunica\u00e7\u00e3o.<\/p>\n\n\n\n<p>Mesmo com todas as dificuldades, o prefeito \u00c9den Duarte est\u00e1 tentando contratar mais m\u00e9dicos para as Unidades de Sa\u00fade e o Hospital e Maternidade Alice de Almeida (HMAA). A partir de segunda-feira (23), um m\u00e9dico volta a atender no PSF do centro. A gest\u00e3o municipal est\u00e1 mantendo contato com v\u00e1rios profissionais da \u00e1rea para que se inscrevam e concorram no programa \u201cM\u00e9dicos pelo Brasil\u201d, em Sum\u00e9. Em breve, profissionais da fisioterapia tamb\u00e9m come\u00e7ar\u00e3o a atender no HMAA.<\/p>\n\n\n\n<p>Em conjunto com o Conselho Municipal de Sa\u00fade, a Secretaria de Sa\u00fade de Sum\u00e9 tamb\u00e9m divulgou Nota T\u00e9cnica sobre como est\u00e1 procedendo diante da situa\u00e7\u00e3o.&nbsp;<a href=\"http:\/\/www.sume.pb.gov.br\/wp-content\/uploads\/2020\/03\/Nota-T%C3%A9cnica-Sa%C3%BAde-Sum%C3%A9_Covid-19.pdf\" target=\"_blank\" rel=\"noreferrer noopener\">Nota T\u00e9cnica Sa\u00fade Sum\u00e9_Covid-19<\/a><\/p>\n\n\n\n<p>\u00c9 importante tamb\u00e9m que a popula\u00e7\u00e3o fa\u00e7a a sua parte, fique atenta aos sintomas e aplique a\u00e7\u00f5es de preven\u00e7\u00e3o no seu cotidiano e na sua fam\u00edlia. Em caso de suspeita, com a presen\u00e7a dos sintomas, febre, espirros, tosse, coriza e falta de ar, recomenda-se que procure uma unidade de atendimento de urg\u00eancia e emerg\u00eancia mais pr\u00f3xima.<\/p>\n\n\n\n<p>Ascom PMS<\/p>\n","protected":false},"excerpt":{"rendered":"<p>A Prefeitura de Sum\u00e9 vem intensificando algumas a\u00e7\u00f5es na sa\u00fade municipal com o objetivo de conter a prolifera\u00e7\u00e3o do coronav\u00edrus, causador da doen\u00e7a Covid-19. Desde&hellip; <\/p>\n","protected":false},"author":2,"featured_media":158915,"comment_status":"closed","ping_status":"closed","sticky":false,"template":"","format":"standard","meta":{"sfsi_plus_gutenberg_text_before_share":"","sfsi_plus_gutenberg_show_text_before_share":"","sfsi_plus_gutenberg_icon_type":"","sfsi_plus_gutenberg_icon_alignemt":"","sfsi_plus_gutenburg_max_per_row":"","footnotes":""},"categories":[2],"tags":[],"class_list":["post-158975","post","type-post","status-publish","format-standard","has-post-thumbnail","hentry","category-geral"],"_links":{"self":[{"href":"https:\/\/www.caririemacao.com\/1\/wp-json\/wp\/v2\/posts\/158975","targetHints":{"allow":["GET"]}}],"collection":[{"href":"https:\/\/www.caririemacao.com\/1\/wp-json\/wp\/v2\/posts"}],"about":[{"href":"https:\/\/www.caririemacao.com\/1\/wp-json\/wp\/v2\/types\/post"}],"author":[{"embeddable":true,"href":"https:\/\/www.caririemacao.com\/1\/wp-json\/wp\/v2\/users\/2"}],"replies":[{"embeddable":true,"href":"https:\/\/www.caririemacao.com\/1\/wp-json\/wp\/v2\/comments?post=158975"}],"version-history":[{"count":1,"href":"https:\/\/www.caririemacao.com\/1\/wp-json\/wp\/v2\/posts\/158975\/revisions"}],"predecessor-version":[{"id":158976,"href":"https:\/\/www.caririemacao.com\/1\/wp-json\/wp\/v2\/posts\/158975\/revisions\/158976"}],"wp:featuredmedia":[{"embeddable":true,"href":"https:\/\/www.caririemacao.com\/1\/wp-json\/wp\/v2\/media\/158915"}],"wp:attachment":[{"href":"https:\/\/www.caririemacao.com\/1\/wp-json\/wp\/v2\/media?parent=158975"}],"wp:term":[{"taxonomy":"category","embeddable":true,"href":"https:\/\/www.caririemacao.com\/1\/wp-json\/wp\/v2\/categories?post=158975"},{"taxonomy":"post_tag","embeddable":true,"href":"https:\/\/www.caririemacao.com\/1\/wp-json\/wp\/v2\/tags?post=158975"}],"curies":[{"name":"wp","href":"https:\/\/api.w.org\/{rel}","templated":true}]}}