{"id":158981,"date":"2020-03-19T18:30:34","date_gmt":"2020-03-19T21:30:34","guid":{"rendered":"http:\/\/www.caririemacao.com\/1\/?p=158981"},"modified":"2020-03-19T18:30:35","modified_gmt":"2020-03-19T21:30:35","slug":"prefeita-decide-manter-a-merenda-durante-a-paralizacao-escolar","status":"publish","type":"post","link":"https:\/\/www.caririemacao.com\/1\/2020\/03\/19\/prefeita-decide-manter-a-merenda-durante-a-paralizacao-escolar\/","title":{"rendered":"Prefeita decide manter a merenda durante a paraliza\u00e7\u00e3o escolar"},"content":{"rendered":"\n<p>Em reuni\u00e3o realizada com a Prefeita de Ouro Velho, Nat\u00e1lia de Dr. J\u00fanior, e com a  secret\u00e1ria de educa\u00e7\u00e3o Edjane Cabral, ficou decidido que a partir da pr\u00f3xima segunda-feira, dia 23, mesmo com a antecipa\u00e7\u00e3o das f\u00e9rias devido ao covid 19, e pensando no bem estar dos alunos, a Prefeitura Municipal manter\u00e1 o fornecimento da merenda escolar em toda rede municipal de ensino. <\/p>\n\n\n\n<p>Com isso Ouro velho \u00e9 o primeiro munic\u00edpio a manter o fornecimento da merenda escolar mesmo com a paraliza\u00e7\u00e3o das aulas.<\/p>\n\n\n\n<p>A secret\u00e1ria de educa\u00e7\u00e3o e diretores v\u00e3o redobrar a higieniza\u00e7\u00e3o e todos os cuidados necess\u00e1rios para evitar aglomera\u00e7\u00f5es e assim fornecer o alimento aos alunos do munic\u00edpio.<\/p>\n\n\n\n<p>&#8220;Ficou decidido que  a Prefeitura de Ouro vai manter a merenda mesmo com antecipa\u00e7\u00e3o das f\u00e9rias escolares por contra do Coronavirus&#8221;, destacou a prefeita.<\/p>\n","protected":false},"excerpt":{"rendered":"<p>Em reuni\u00e3o realizada com a Prefeita de Ouro Velho, Nat\u00e1lia de Dr. J\u00fanior, e com a secret\u00e1ria de educa\u00e7\u00e3o Edjane Cabral, ficou decidido que a&hellip; <\/p>\n","protected":false},"author":2,"featured_media":158983,"comment_status":"closed","ping_status":"closed","sticky":false,"template":"","format":"standard","meta":{"sfsi_plus_gutenberg_text_before_share":"","sfsi_plus_gutenberg_show_text_before_share":"","sfsi_plus_gutenberg_icon_type":"","sfsi_plus_gutenberg_icon_alignemt":"","sfsi_plus_gutenburg_max_per_row":"","footnotes":""},"categories":[6,50],"tags":[],"class_list":["post-158981","post","type-post","status-publish","format-standard","has-post-thumbnail","hentry","category-cidades","category-destaque"],"_links":{"self":[{"href":"https:\/\/www.caririemacao.com\/1\/wp-json\/wp\/v2\/posts\/158981","targetHints":{"allow":["GET"]}}],"collection":[{"href":"https:\/\/www.caririemacao.com\/1\/wp-json\/wp\/v2\/posts"}],"about":[{"href":"https:\/\/www.caririemacao.com\/1\/wp-json\/wp\/v2\/types\/post"}],"author":[{"embeddable":true,"href":"https:\/\/www.caririemacao.com\/1\/wp-json\/wp\/v2\/users\/2"}],"replies":[{"embeddable":true,"href":"https:\/\/www.caririemacao.com\/1\/wp-json\/wp\/v2\/comments?post=158981"}],"version-history":[{"count":1,"href":"https:\/\/www.caririemacao.com\/1\/wp-json\/wp\/v2\/posts\/158981\/revisions"}],"predecessor-version":[{"id":158984,"href":"https:\/\/www.caririemacao.com\/1\/wp-json\/wp\/v2\/posts\/158981\/revisions\/158984"}],"wp:featuredmedia":[{"embeddable":true,"href":"https:\/\/www.caririemacao.com\/1\/wp-json\/wp\/v2\/media\/158983"}],"wp:attachment":[{"href":"https:\/\/www.caririemacao.com\/1\/wp-json\/wp\/v2\/media?parent=158981"}],"wp:term":[{"taxonomy":"category","embeddable":true,"href":"https:\/\/www.caririemacao.com\/1\/wp-json\/wp\/v2\/categories?post=158981"},{"taxonomy":"post_tag","embeddable":true,"href":"https:\/\/www.caririemacao.com\/1\/wp-json\/wp\/v2\/tags?post=158981"}],"curies":[{"name":"wp","href":"https:\/\/api.w.org\/{rel}","templated":true}]}}