{"id":158986,"date":"2020-03-19T20:38:19","date_gmt":"2020-03-19T23:38:19","guid":{"rendered":"http:\/\/www.caririemacao.com\/1\/?p=158986"},"modified":"2020-03-19T20:38:20","modified_gmt":"2020-03-19T23:38:20","slug":"monteiro-dupla-e-presa-pela-pm-suspeita-de-praticar-roubos","status":"publish","type":"post","link":"https:\/\/www.caririemacao.com\/1\/2020\/03\/19\/monteiro-dupla-e-presa-pela-pm-suspeita-de-praticar-roubos\/","title":{"rendered":"Monteiro: dupla \u00e9 presa pela PM suspeita de praticar roubos"},"content":{"rendered":"\n<p>Por volta das 16:00h desta quinta-feira (19), uma guarni\u00e7\u00e3o do 11\u00ba Batalh\u00e3o de  Pol\u00edcia Militar foi solicitada por duas senhoras informando que dois elementos que estavam nas imedia\u00e7\u00f5es por traz do Armaz\u00e9m Para\u00edba, tentaram tomar a sua motocicleta, ao qual n\u00e3o chegou a ser roubada porque as v\u00edtimas conseguiram fugir do local do crime.<\/p>\n\n\n\n<p>Foram deslocadas para esta ocorr\u00eancia duas viaturas, onde ao fazer dilig\u00eancias e conseguiram localizar os acusados que estavam escondidos em um terreno baldio pr\u00f3ximo \u00e0 casa de L\u00facio contador, um dos acusados estava com um rev\u00f3lver TAURUS calibre 38 e ou outro estava portando simulacro de arma de fogo. Foi dado voz de pris\u00e3o aos mesmos e conduzidos \u00e0 Delegacia de Pol\u00edcia Civil de Monteiro para os procedimentos cab\u00edveis. <\/p>\n","protected":false},"excerpt":{"rendered":"<p>Por volta das 16:00h desta quinta-feira (19), uma guarni\u00e7\u00e3o do 11\u00ba Batalh\u00e3o de Pol\u00edcia Militar foi solicitada por duas senhoras informando que dois elementos que&hellip; <\/p>\n","protected":false},"author":1,"featured_media":158987,"comment_status":"closed","ping_status":"closed","sticky":false,"template":"","format":"standard","meta":{"sfsi_plus_gutenberg_text_before_share":"","sfsi_plus_gutenberg_show_text_before_share":"","sfsi_plus_gutenberg_icon_type":"","sfsi_plus_gutenberg_icon_alignemt":"","sfsi_plus_gutenburg_max_per_row":"","footnotes":""},"categories":[6,50],"tags":[],"class_list":["post-158986","post","type-post","status-publish","format-standard","has-post-thumbnail","hentry","category-cidades","category-destaque"],"_links":{"self":[{"href":"https:\/\/www.caririemacao.com\/1\/wp-json\/wp\/v2\/posts\/158986","targetHints":{"allow":["GET"]}}],"collection":[{"href":"https:\/\/www.caririemacao.com\/1\/wp-json\/wp\/v2\/posts"}],"about":[{"href":"https:\/\/www.caririemacao.com\/1\/wp-json\/wp\/v2\/types\/post"}],"author":[{"embeddable":true,"href":"https:\/\/www.caririemacao.com\/1\/wp-json\/wp\/v2\/users\/1"}],"replies":[{"embeddable":true,"href":"https:\/\/www.caririemacao.com\/1\/wp-json\/wp\/v2\/comments?post=158986"}],"version-history":[{"count":1,"href":"https:\/\/www.caririemacao.com\/1\/wp-json\/wp\/v2\/posts\/158986\/revisions"}],"predecessor-version":[{"id":158988,"href":"https:\/\/www.caririemacao.com\/1\/wp-json\/wp\/v2\/posts\/158986\/revisions\/158988"}],"wp:featuredmedia":[{"embeddable":true,"href":"https:\/\/www.caririemacao.com\/1\/wp-json\/wp\/v2\/media\/158987"}],"wp:attachment":[{"href":"https:\/\/www.caririemacao.com\/1\/wp-json\/wp\/v2\/media?parent=158986"}],"wp:term":[{"taxonomy":"category","embeddable":true,"href":"https:\/\/www.caririemacao.com\/1\/wp-json\/wp\/v2\/categories?post=158986"},{"taxonomy":"post_tag","embeddable":true,"href":"https:\/\/www.caririemacao.com\/1\/wp-json\/wp\/v2\/tags?post=158986"}],"curies":[{"name":"wp","href":"https:\/\/api.w.org\/{rel}","templated":true}]}}