{"id":158995,"date":"2020-03-20T07:03:12","date_gmt":"2020-03-20T10:03:12","guid":{"rendered":"http:\/\/www.caririemacao.com\/1\/?p=158995"},"modified":"2020-03-20T07:03:14","modified_gmt":"2020-03-20T10:03:14","slug":"oms-volta-atras-e-diz-que-nao-tem-recomendacao-contra-ibuprofeno-no-tratamento-do-coronavirus","status":"publish","type":"post","link":"https:\/\/www.caririemacao.com\/1\/2020\/03\/20\/oms-volta-atras-e-diz-que-nao-tem-recomendacao-contra-ibuprofeno-no-tratamento-do-coronavirus\/","title":{"rendered":"OMS volta atr\u00e1s e diz que n\u00e3o tem recomenda\u00e7\u00e3o contra ibuprofeno no tratamento do coronav\u00edrus"},"content":{"rendered":"\n<p>A Organiza\u00e7\u00e3o Mundial de Sa\u00fade (OMS) voltou atr\u00e1s nesta quinta-feira (19) e retirou a restri\u00e7\u00e3o de uso de medicamentos \u00e0 base de ibuprofeno no tratamento contra a Covid-19, doen\u00e7a causada pelo novo coronav\u00edrus. A restri\u00e7\u00e3o havia sido anunciada na \u00faltima ter\u00e7a-feira (17).<\/p>\n\n\n\n<p>Apesar disso, o Minist\u00e9rio da Sa\u00fade segue recomendando que outros medicamentos sejam usados contra a doen\u00e7a. Em uma publica\u00e7\u00e3o em uma rede social na manh\u00e3 desta quinta, a pasta afirmou que, &#8220;por precau\u00e7\u00e3o&#8221;, recomenda &#8220;a substitui\u00e7\u00e3o do #ibuprofeno por outros analg\u00e9sicos.&#8221; Segundo o minist\u00e9rio, &#8220;\u00e9 fundamental que a substitui\u00e7\u00e3o de medicamentos seja feita com recomenda\u00e7\u00e3o de um profissional de sa\u00fade.&#8221; A recomenda\u00e7\u00e3o tamb\u00e9m consta em uma nota t\u00e9cnica, de 17 de mar\u00e7o.<\/p>\n\n\n\n<p>Segundo a OMS, a organiza\u00e7\u00e3o &#8220;est\u00e1 ciente das preocupa\u00e7\u00f5es sobre o uso de anti-inflamat\u00f3rios n\u00e3o esteroidais (isto \u00e9, ibuprofeno) para o tratamento da febre em pessoas com Covid-19&#8221;. No entanto, entidade afirma que &#8220;ap\u00f3s uma r\u00e1pida revis\u00e3o da literatura [pesquisas cient\u00edficas], a OMS n\u00e3o est\u00e1 ciente dos dados cl\u00ednicos ou de base populacional publicados sobre esse t\u00f3pico&#8221;, afirmou a organiza\u00e7\u00e3o, em nota.<\/p>\n\n\n\n<p>&#8220;N\u00e3o temos conhecimento de relatos de efeitos negativos do ibuprofeno, al\u00e9m dos efeitos colaterais conhecidos usuais que limitam seu uso em determinadas popula\u00e7\u00f5es&#8221;, informou a OMS.<br>Segundo a OMS, a conclus\u00e3o foi tomada ap\u00f3s ouvir m\u00e9dicos que tratam pacientes com Covid-19 e ap\u00f3s consultas a pesquisas cient\u00edficas desenvolvidas at\u00e9 o momento sobre a doen\u00e7a.<\/p>\n\n\n\n<p>A organiza\u00e7\u00e3o refor\u00e7a que, com base nas informa\u00e7\u00f5es dispon\u00edveis, n\u00e3o h\u00e1 restri\u00e7\u00f5es ao uso de Ibuprofeno no tratamento contra a Covid-19.<\/p>\n\n\n\n<p><strong>Por que havia restri\u00e7\u00e3o contra o ibuprofeno?<\/strong><\/p>\n\n\n\n<p>Na \u00faltima ter\u00e7a-feira (17), a OMS informou que o mais recomendado em tratamentos contra a Covid-19 era o uso de medicamentos \u00e0 base de paracetamol.<\/p>\n\n\n\n<p>A indica\u00e7\u00e3o ocorreu ap\u00f3s o ministro da Sa\u00fade franc\u00eas alertar, no s\u00e1bado (14), contra o uso do ibuprofeno, que \u00e9 encontrado em anti-inflamat\u00f3rios.<\/p>\n\n\n\n<p>Na semana passada, uma pesquisa cient\u00edfica sugeriu que pacientes com diabetes e hipertens\u00e3o tratados com ibuprofeno tinham mais riscos de desenvolver quadros severos da doen\u00e7a. Para o infectologista Celso Granato, professor da Unifesp e diretor cl\u00ednico do grupo Fleury, em S\u00e3o Paulo, a evid\u00eancia mostrada na pesquisa n\u00e3o era forte o suficiente. &#8220;Existem v\u00e1rios outros anti-inflamat\u00f3rios, antit\u00e9rmicos &#8211; por exemplo, paracetamol &#8211; que t\u00eam o mesmo efeito e n\u00e3o t\u00eam evid\u00eancia de que t\u00eam esse problema&#8221;, lembrou Granato.<\/p>\n","protected":false},"excerpt":{"rendered":"<p>A Organiza\u00e7\u00e3o Mundial de Sa\u00fade (OMS) voltou atr\u00e1s nesta quinta-feira (19) e retirou a restri\u00e7\u00e3o de uso de medicamentos \u00e0 base de ibuprofeno no tratamento&hellip; <\/p>\n","protected":false},"author":2,"featured_media":158996,"comment_status":"closed","ping_status":"closed","sticky":false,"template":"","format":"standard","meta":{"sfsi_plus_gutenberg_text_before_share":"","sfsi_plus_gutenberg_show_text_before_share":"","sfsi_plus_gutenberg_icon_type":"","sfsi_plus_gutenberg_icon_alignemt":"","sfsi_plus_gutenburg_max_per_row":"","footnotes":""},"categories":[16],"tags":[],"class_list":["post-158995","post","type-post","status-publish","format-standard","has-post-thumbnail","hentry","category-saude"],"_links":{"self":[{"href":"https:\/\/www.caririemacao.com\/1\/wp-json\/wp\/v2\/posts\/158995","targetHints":{"allow":["GET"]}}],"collection":[{"href":"https:\/\/www.caririemacao.com\/1\/wp-json\/wp\/v2\/posts"}],"about":[{"href":"https:\/\/www.caririemacao.com\/1\/wp-json\/wp\/v2\/types\/post"}],"author":[{"embeddable":true,"href":"https:\/\/www.caririemacao.com\/1\/wp-json\/wp\/v2\/users\/2"}],"replies":[{"embeddable":true,"href":"https:\/\/www.caririemacao.com\/1\/wp-json\/wp\/v2\/comments?post=158995"}],"version-history":[{"count":1,"href":"https:\/\/www.caririemacao.com\/1\/wp-json\/wp\/v2\/posts\/158995\/revisions"}],"predecessor-version":[{"id":158997,"href":"https:\/\/www.caririemacao.com\/1\/wp-json\/wp\/v2\/posts\/158995\/revisions\/158997"}],"wp:featuredmedia":[{"embeddable":true,"href":"https:\/\/www.caririemacao.com\/1\/wp-json\/wp\/v2\/media\/158996"}],"wp:attachment":[{"href":"https:\/\/www.caririemacao.com\/1\/wp-json\/wp\/v2\/media?parent=158995"}],"wp:term":[{"taxonomy":"category","embeddable":true,"href":"https:\/\/www.caririemacao.com\/1\/wp-json\/wp\/v2\/categories?post=158995"},{"taxonomy":"post_tag","embeddable":true,"href":"https:\/\/www.caririemacao.com\/1\/wp-json\/wp\/v2\/tags?post=158995"}],"curies":[{"name":"wp","href":"https:\/\/api.w.org\/{rel}","templated":true}]}}