{"id":159000,"date":"2020-03-20T08:31:31","date_gmt":"2020-03-20T11:31:31","guid":{"rendered":"http:\/\/www.caririemacao.com\/1\/?p=159000"},"modified":"2020-03-20T10:10:00","modified_gmt":"2020-03-20T13:10:00","slug":"camalau-cerimonia-em-comemoracao-aos-58-anos-de-emancipacao-politica","status":"publish","type":"post","link":"https:\/\/www.caririemacao.com\/1\/2020\/03\/20\/camalau-cerimonia-em-comemoracao-aos-58-anos-de-emancipacao-politica\/","title":{"rendered":"Camala\u00fa: cerim\u00f4nia em comemora\u00e7\u00e3o aos 58 anos de Emancipa\u00e7\u00e3o Pol\u00edtica"},"content":{"rendered":"\n<p>Foi realizada  na \u00faltima quinta feira (19), na cidade de Camala\u00fa, a cerim\u00f4nia em comemora\u00e7\u00e3o a  emancipa\u00e7\u00e3o da cidade que completou os seus 58 anos de emancipa\u00e7\u00e3o pol\u00edtica.<\/p>\n\n\n\n<p>O evento foi restrito, com a presen\u00e7a do prefeito Sandr\u00f4 M\u00f4co, vice-prefeito Ezequiel (Kiel), vereador Bira, padre Edinaldo e demais secretarios. Em decorr\u00eancia da pandemia do coronav\u00edrus. <\/p>\n\n\n\n<p>A cerim\u00f4nia foi ministrada pelo padre da cidade, Edinaldo, que na ocasi\u00e3o aproveitou a oportunidade para avisar aos fi\u00e9s que as pr\u00f3ximas missas seriam feitas por transmiss\u00f5es pelo Facebook, sem a presen\u00e7a dos fi\u00e9is. <\/p>\n\n\n\n<figure class=\"wp-block-image size-large\"><img fetchpriority=\"high\" decoding=\"async\" width=\"1024\" height=\"683\" src=\"http:\/\/www.caririemacao.com\/1\/wp-content\/uploads\/2020\/03\/DSC_1091-1024x683.jpg\" alt=\"\" class=\"wp-image-159078\" srcset=\"https:\/\/www.caririemacao.com\/1\/wp-content\/uploads\/2020\/03\/DSC_1091-1024x683.jpg 1024w, https:\/\/www.caririemacao.com\/1\/wp-content\/uploads\/2020\/03\/DSC_1091-300x200.jpg 300w, https:\/\/www.caririemacao.com\/1\/wp-content\/uploads\/2020\/03\/DSC_1091-768x512.jpg 768w, https:\/\/www.caririemacao.com\/1\/wp-content\/uploads\/2020\/03\/DSC_1091-1536x1024.jpg 1536w, https:\/\/www.caririemacao.com\/1\/wp-content\/uploads\/2020\/03\/DSC_1091-2048x1365.jpg 2048w\" sizes=\"(max-width: 1024px) 100vw, 1024px\" \/><\/figure>\n\n\n\n<p><br><\/p>\n","protected":false},"excerpt":{"rendered":"<p>Foi realizada na \u00faltima quinta feira (19), na cidade de Camala\u00fa, a cerim\u00f4nia em comemora\u00e7\u00e3o a emancipa\u00e7\u00e3o da cidade que completou os seus 58 anos&hellip; <\/p>\n","protected":false},"author":1,"featured_media":159077,"comment_status":"closed","ping_status":"closed","sticky":false,"template":"","format":"standard","meta":{"sfsi_plus_gutenberg_text_before_share":"","sfsi_plus_gutenberg_show_text_before_share":"","sfsi_plus_gutenberg_icon_type":"","sfsi_plus_gutenberg_icon_alignemt":"","sfsi_plus_gutenburg_max_per_row":"","footnotes":""},"categories":[6,50],"tags":[],"class_list":["post-159000","post","type-post","status-publish","format-standard","has-post-thumbnail","hentry","category-cidades","category-destaque"],"_links":{"self":[{"href":"https:\/\/www.caririemacao.com\/1\/wp-json\/wp\/v2\/posts\/159000","targetHints":{"allow":["GET"]}}],"collection":[{"href":"https:\/\/www.caririemacao.com\/1\/wp-json\/wp\/v2\/posts"}],"about":[{"href":"https:\/\/www.caririemacao.com\/1\/wp-json\/wp\/v2\/types\/post"}],"author":[{"embeddable":true,"href":"https:\/\/www.caririemacao.com\/1\/wp-json\/wp\/v2\/users\/1"}],"replies":[{"embeddable":true,"href":"https:\/\/www.caririemacao.com\/1\/wp-json\/wp\/v2\/comments?post=159000"}],"version-history":[{"count":4,"href":"https:\/\/www.caririemacao.com\/1\/wp-json\/wp\/v2\/posts\/159000\/revisions"}],"predecessor-version":[{"id":159125,"href":"https:\/\/www.caririemacao.com\/1\/wp-json\/wp\/v2\/posts\/159000\/revisions\/159125"}],"wp:featuredmedia":[{"embeddable":true,"href":"https:\/\/www.caririemacao.com\/1\/wp-json\/wp\/v2\/media\/159077"}],"wp:attachment":[{"href":"https:\/\/www.caririemacao.com\/1\/wp-json\/wp\/v2\/media?parent=159000"}],"wp:term":[{"taxonomy":"category","embeddable":true,"href":"https:\/\/www.caririemacao.com\/1\/wp-json\/wp\/v2\/categories?post=159000"},{"taxonomy":"post_tag","embeddable":true,"href":"https:\/\/www.caririemacao.com\/1\/wp-json\/wp\/v2\/tags?post=159000"}],"curies":[{"name":"wp","href":"https:\/\/api.w.org\/{rel}","templated":true}]}}