{"id":159008,"date":"2020-03-20T07:34:42","date_gmt":"2020-03-20T10:34:42","guid":{"rendered":"http:\/\/www.caririemacao.com\/1\/?p=159008"},"modified":"2020-03-20T07:34:44","modified_gmt":"2020-03-20T10:34:44","slug":"mec-prorroga-periodo-das-listas-de-espera-do-prouni-e-do-fies","status":"publish","type":"post","link":"https:\/\/www.caririemacao.com\/1\/2020\/03\/20\/mec-prorroga-periodo-das-listas-de-espera-do-prouni-e-do-fies\/","title":{"rendered":"MEC prorroga per\u00edodo das listas de espera do Prouni e do Fies"},"content":{"rendered":"\n<p>O MEC (Minist\u00e9rio da Educa\u00e7\u00e3o) prorrogou por tempo indeterminado o per\u00edodo das listas de espera do ProUni (Programa Universidade para Todos) e do Fies (Fundo de Financiamento Estudantil). As mudan\u00e7as foram publicadas na edi\u00e7\u00e3o desta quarta-feira (18), do Di\u00e1rio Oficial da Uni\u00e3o. Segundo o coordenador-geral de Programas de Ensino Superior do MEC, Thiago Leit\u00e3o, a medida busca n\u00e3o prejudicar nenhum aluno.<\/p>\n\n\n\n<p>A lista de espera \u00e9 mais uma oportunidade para candidatos que n\u00e3o foram pr\u00e9-selecionados na primeira e segunda chamadas conseguirem uma bolsa pelo programa. Os estudantes s\u00e3o classificados por curso e turno, seguindo as notas obtidas no Exame Nacional do Ensino M\u00e9dio (Enem) de 2019.<\/p>\n\n\n\n<p>O ProUni ofereceu 252 mil bolsas integrais e parciais em institui\u00e7\u00f5es particulares de educa\u00e7\u00e3o superior. O sistema registrou mais de 1,5 milh\u00e3o de inscri\u00e7\u00f5es.<\/p>\n\n\n\n<p>De acordo com o edital, os estudantes que manifestaram interesse em participar da lista de espera n\u00e3o t\u00eam prazo final para entregar a documenta\u00e7\u00e3o na institui\u00e7\u00e3o. \u201cHaver\u00e1 tempo para que eles entreguem a documenta\u00e7\u00e3o assim que as atividades acad\u00eamicas retornarem \u00e0 normalidade\u201d, informou Leit\u00e3o.<\/p>\n\n\n\n<p>O edital tamb\u00e9m estabelece prazo indeterminado para que as institui\u00e7\u00f5es lancem os resultados de aprova\u00e7\u00e3o ou reprova\u00e7\u00e3o no sistema do ProUni.<\/p>\n\n\n\n<p>O mesmo edital&nbsp; prorroga a convoca\u00e7\u00e3o da lista de espera do Fies (Fundo de Financiamento Estudantil) por tempo indeterminado. \u201cCom isso, os estudantes ter\u00e3o prorrogados os prazos de cada etapa para a concretiza\u00e7\u00e3o do financiamento\u201d, afirmou o coordenador-geral.<\/p>\n\n\n\n<p>Os estudantes pr\u00e9-selecionados na lista de espera do Fies devem complementar seus dados na p\u00e1gina do programa na internet. Segundo o MEC, os candidatos precisam informar dados banc\u00e1rios, do fiador e do seguro para pagamento da d\u00edvida em caso de morte. Para que nenhum estudante seja prejudicado por eventual fechamento da institui\u00e7\u00e3o de ensino, ou da ag\u00eancia banc\u00e1ria, o per\u00edodo dessas etapas ser\u00e1 prorrogado por tempo indeterminado.<\/p>\n","protected":false},"excerpt":{"rendered":"<p>O MEC (Minist\u00e9rio da Educa\u00e7\u00e3o) prorrogou por tempo indeterminado o per\u00edodo das listas de espera do ProUni (Programa Universidade para Todos) e do Fies (Fundo&hellip; <\/p>\n","protected":false},"author":2,"featured_media":159009,"comment_status":"closed","ping_status":"closed","sticky":false,"template":"","format":"standard","meta":{"sfsi_plus_gutenberg_text_before_share":"","sfsi_plus_gutenberg_show_text_before_share":"","sfsi_plus_gutenberg_icon_type":"","sfsi_plus_gutenberg_icon_alignemt":"","sfsi_plus_gutenburg_max_per_row":"","footnotes":""},"categories":[14],"tags":[],"class_list":["post-159008","post","type-post","status-publish","format-standard","has-post-thumbnail","hentry","category-educacao"],"_links":{"self":[{"href":"https:\/\/www.caririemacao.com\/1\/wp-json\/wp\/v2\/posts\/159008","targetHints":{"allow":["GET"]}}],"collection":[{"href":"https:\/\/www.caririemacao.com\/1\/wp-json\/wp\/v2\/posts"}],"about":[{"href":"https:\/\/www.caririemacao.com\/1\/wp-json\/wp\/v2\/types\/post"}],"author":[{"embeddable":true,"href":"https:\/\/www.caririemacao.com\/1\/wp-json\/wp\/v2\/users\/2"}],"replies":[{"embeddable":true,"href":"https:\/\/www.caririemacao.com\/1\/wp-json\/wp\/v2\/comments?post=159008"}],"version-history":[{"count":1,"href":"https:\/\/www.caririemacao.com\/1\/wp-json\/wp\/v2\/posts\/159008\/revisions"}],"predecessor-version":[{"id":159010,"href":"https:\/\/www.caririemacao.com\/1\/wp-json\/wp\/v2\/posts\/159008\/revisions\/159010"}],"wp:featuredmedia":[{"embeddable":true,"href":"https:\/\/www.caririemacao.com\/1\/wp-json\/wp\/v2\/media\/159009"}],"wp:attachment":[{"href":"https:\/\/www.caririemacao.com\/1\/wp-json\/wp\/v2\/media?parent=159008"}],"wp:term":[{"taxonomy":"category","embeddable":true,"href":"https:\/\/www.caririemacao.com\/1\/wp-json\/wp\/v2\/categories?post=159008"},{"taxonomy":"post_tag","embeddable":true,"href":"https:\/\/www.caririemacao.com\/1\/wp-json\/wp\/v2\/tags?post=159008"}],"curies":[{"name":"wp","href":"https:\/\/api.w.org\/{rel}","templated":true}]}}