{"id":159012,"date":"2020-03-20T07:36:14","date_gmt":"2020-03-20T10:36:14","guid":{"rendered":"http:\/\/www.caririemacao.com\/1\/?p=159012"},"modified":"2020-03-20T07:36:16","modified_gmt":"2020-03-20T10:36:16","slug":"prefeita-anna-lorena-recebe-maes-de-criancas-autistas-e-presidente-da-apipcd","status":"publish","type":"post","link":"https:\/\/www.caririemacao.com\/1\/2020\/03\/20\/prefeita-anna-lorena-recebe-maes-de-criancas-autistas-e-presidente-da-apipcd\/","title":{"rendered":"Prefeita Anna Lorena recebe m\u00e3es de crian\u00e7as autistas e presidente da APIPCD"},"content":{"rendered":"\n<p>A prefeita Anna Lorena recebeu na manh\u00e3 desta quarta-feira (18) em seu gabinete &nbsp;a visita do &nbsp;presidente da APIPCD (Associa\u00e7\u00e3o Paraibana de Inclus\u00e3o da Pessoa com Defici\u00eancia), Geraldo Souza de Oliveira Filho, que acompanhado de m\u00e3es de crian\u00e7as autistas, conversaram com a prefeita e &nbsp;fizeram v\u00e1rias solicita\u00e7\u00f5es em pr\u00f3 dos deficientes.<\/p>\n\n\n\n<p>Durante a reuni\u00e3o Gerado Souza apresentou v\u00e1rios solicita\u00e7\u00f5es que ir\u00e3o melhorar &nbsp;a qualidade de vida das pessoas com autismo no munic\u00edpio e que trar\u00e1 tamb\u00e9m uma qualidade de vida para as fam\u00edlia que lidam diariamente com a defici\u00eancia.<\/p>\n\n\n\n<p>A reuni\u00e3o teve como pauta principal a solicita\u00e7\u00e3o da celebra\u00e7\u00e3o de um conv\u00eanio ao Projeto Social para implanta\u00e7\u00e3o de espa\u00e7o para atendimento ao Autista, que foi explanado pelo presidente da associa\u00e7\u00e3o e recebido pela prefeita Anna Lorena como positivo, e de grande relev\u00e2ncia para o atendimento principalmente para as crian\u00e7as com autismo.<\/p>\n\n\n\n<p>As m\u00e3es que acompanharam a reuni\u00e3o puderam relatar cada uma o seu caso, de maneira que a prefeita Anna Lorena pudesse avaliar cada um de acordo com a sua necessidade, a exemplo de Fernanda que falou da import\u00e2ncia de um acompanhamento de qualidade e agradeceu em &nbsp;ver a dedica\u00e7\u00e3o da gest\u00e3o em rela\u00e7\u00e3o aos servi\u00e7os oferecidos a cada crian\u00e7a.<\/p>\n\n\n\n<p>\u201cN\u00f3s que somos m\u00e3es de crian\u00e7as autistas, sabemos das nossas necessidades e das necessidades de nossos filhos e ficamos felizes em saber que a Prefeita Anna Lorena tem nos atendido e se empenhado cada vez mais para proporcionar um atendimento e acompanhamento de qualidade para nossas crian\u00e7as\u201d. Disse Fernanda<\/p>\n\n\n\n<div class=\"wp-block-image\"><figure class=\"alignleft\"><img decoding=\"async\" data-src=\"https:\/\/i2.wp.com\/www.vitrinedocariri.com.br\/wp-content\/uploads\/2020\/03\/Prefeita-Anna-Lorena-recebe-m%C3%A3es-de-crian%C3%A7as-autistas-e-presidente-da-APIPCD-5.jpeg?resize=300%2C199&amp;ssl=1\" alt=\"\" class=\"wp-image-66627 lazyload\" src=\"data:image\/svg+xml;base64,PHN2ZyB3aWR0aD0iMSIgaGVpZ2h0PSIxIiB4bWxucz0iaHR0cDovL3d3dy53My5vcmcvMjAwMC9zdmciPjwvc3ZnPg==\" \/><\/figure><\/div>\n\n\n\n<p>J\u00e1 a Tacianne kalline, que tamb\u00e9m \u00e9 m\u00e3e de autista, pontuou algumas coisas que podem ser melhoradas para o acompanhamento e atendimento de cada crian\u00e7a e n\u00e3o poupou elogios e agradecimentos a gest\u00e3o na dedica\u00e7\u00e3o di\u00e1ria com o seu filho e os filhos das outras m\u00e3es que tamb\u00e9m lidam com o autismo no dia a dia.<\/p>\n\n\n\n<p>\u201cHoje quero pontuar algumas melhorias que podem ser vista pela gest\u00e3o em rela\u00e7\u00e3o ao acompanhamento e atendimento a nossos filhos, a exemplo de se ofertar aos agentes envolvidos no dia a dia de nossas crian\u00e7as, &nbsp;uma capacita\u00e7\u00e3o, visando uma qualidade ainda melhor no atendimento e a cria\u00e7\u00e3o de atividades especiais para nossas crian\u00e7as. Mais tamb\u00e9m quero agradecer a senhora Prefeita pelo acolhimento a n\u00f3s m\u00e3es e pela dedica\u00e7\u00e3o nos servi\u00e7os j\u00e1 oferecidos, em nome de todas n\u00f3s, muito obrigada.\u201d Disse Tacianne<\/p>\n\n\n\n<p>O vereador Caj\u00f3 Menezes que esteve presente na reuni\u00e3o e que ouviu atentamente todas as solicita\u00e7\u00f5es, disse que a c\u00e2mara de vereadores est\u00e1 a disposi\u00e7\u00e3o para ajudar, tanto a associa\u00e7\u00e3o como tamb\u00e9m as m\u00e3es das crian\u00e7as portadoras do autismo e que v\u00ea o projeto da implanta\u00e7\u00e3o do espa\u00e7o para atender a crian\u00e7a com autismo de fundamental import\u00e2ncia para autista, como tamb\u00e9m para as fam\u00edlias que ter\u00e3o mais um apoio nesse acompanhamento.<\/p>\n\n\n\n<p>\u201cQuero nesse momento dizer que a C\u00e2mara de Vereadores estar\u00e1 sempre a disposi\u00e7\u00e3o, seja da associa\u00e7\u00e3o , seja das m\u00e3es, dando sempre o apoio necess\u00e1rios para que nossas crian\u00e7as com defici\u00eancia, em especial aos autistas, possam ter o melhor tratamento com um acompanhamento de qualidade. Vejo tamb\u00e9m que a cria\u00e7\u00e3o desse espa\u00e7o, onde ir\u00e1 atender de forma especial as crian\u00e7as com autismo \u00e9 de &nbsp;fundamental import\u00e2ncia, e estaremos lutando junto com a gest\u00e3o para a realiza\u00e7\u00e3o desse projeto\u201d.<\/p>\n\n\n\n<p>A prefeita Anna Lorena que ouviu atentamente n\u00e3o s\u00f3 as solicita\u00e7\u00f5es do presidente da associa\u00e7\u00e3o Gerado Souza, mais tamb\u00e9m todas as declara\u00e7\u00f5es das m\u00e3es que ali estavam presentes, se solidarizou com todas as fam\u00edlias e disse que a luta n\u00e3o vai ser f\u00e1cil, mais que estar\u00e1 em busca de recursos e parcerias para melhorar cada vez mais o atendimento e acompanhamento no tratamento do autismo e que como as m\u00e3es, esse tamb\u00e9m se tornou o desejo dela de ver a implanta\u00e7\u00e3o de todas as solicita\u00e7\u00f5es feitas, em especial a &nbsp;implanta\u00e7\u00e3o do espa\u00e7o para atendimento ao autista.<\/p>\n\n\n\n<p>\u201cQuero aqui dizer da minha solidariedade a cada uma de voc\u00eas, sei das necessidades de cada uma, e o desejo de voc\u00eas se tornou o meu, em lutarmos juntos para conseguirmos a implanta\u00e7\u00e3o desse espa\u00e7o para atender nossas crian\u00e7as autistas, a luta n\u00e3o ser\u00e1 f\u00e1cil, mais vamos em busca de solu\u00e7\u00f5es para que esse projeto seja realizado e que as nossa crian\u00e7as possa ter sempre o melhor em todos os aspectos. Estaremos na luta di\u00e1ria, contem comigo, e muito obrigado por acreditarem em uma gest\u00e3o que s\u00f3 quer trabalhar e fazer de monteiro uma cidade cada vez melhor para todos\u201d. Disse Anna Lorena \u2013 Prefeita<\/p>\n","protected":false},"excerpt":{"rendered":"<p>A prefeita Anna Lorena recebeu na manh\u00e3 desta quarta-feira (18) em seu gabinete &nbsp;a visita do &nbsp;presidente da APIPCD (Associa\u00e7\u00e3o Paraibana de Inclus\u00e3o da Pessoa&hellip; <\/p>\n","protected":false},"author":2,"featured_media":159013,"comment_status":"closed","ping_status":"closed","sticky":false,"template":"","format":"standard","meta":{"sfsi_plus_gutenberg_text_before_share":"","sfsi_plus_gutenberg_show_text_before_share":"","sfsi_plus_gutenberg_icon_type":"","sfsi_plus_gutenberg_icon_alignemt":"","sfsi_plus_gutenburg_max_per_row":"","footnotes":""},"categories":[2],"tags":[],"class_list":["post-159012","post","type-post","status-publish","format-standard","has-post-thumbnail","hentry","category-geral"],"_links":{"self":[{"href":"https:\/\/www.caririemacao.com\/1\/wp-json\/wp\/v2\/posts\/159012","targetHints":{"allow":["GET"]}}],"collection":[{"href":"https:\/\/www.caririemacao.com\/1\/wp-json\/wp\/v2\/posts"}],"about":[{"href":"https:\/\/www.caririemacao.com\/1\/wp-json\/wp\/v2\/types\/post"}],"author":[{"embeddable":true,"href":"https:\/\/www.caririemacao.com\/1\/wp-json\/wp\/v2\/users\/2"}],"replies":[{"embeddable":true,"href":"https:\/\/www.caririemacao.com\/1\/wp-json\/wp\/v2\/comments?post=159012"}],"version-history":[{"count":1,"href":"https:\/\/www.caririemacao.com\/1\/wp-json\/wp\/v2\/posts\/159012\/revisions"}],"predecessor-version":[{"id":159014,"href":"https:\/\/www.caririemacao.com\/1\/wp-json\/wp\/v2\/posts\/159012\/revisions\/159014"}],"wp:featuredmedia":[{"embeddable":true,"href":"https:\/\/www.caririemacao.com\/1\/wp-json\/wp\/v2\/media\/159013"}],"wp:attachment":[{"href":"https:\/\/www.caririemacao.com\/1\/wp-json\/wp\/v2\/media?parent=159012"}],"wp:term":[{"taxonomy":"category","embeddable":true,"href":"https:\/\/www.caririemacao.com\/1\/wp-json\/wp\/v2\/categories?post=159012"},{"taxonomy":"post_tag","embeddable":true,"href":"https:\/\/www.caririemacao.com\/1\/wp-json\/wp\/v2\/tags?post=159012"}],"curies":[{"name":"wp","href":"https:\/\/api.w.org\/{rel}","templated":true}]}}